{"id":733,"date":"2012-11-16T13:02:28","date_gmt":"2012-11-16T13:02:28","guid":{"rendered":"http:\/\/www.historiaudima.com\/?p=733"},"modified":"2021-11-18T07:34:53","modified_gmt":"2021-11-18T07:34:53","slug":"los-muros-de-la-verguenza","status":"publish","type":"post","link":"https:\/\/blogs.udima.es\/historia\/los-muros-de-la-verguenza\/","title":{"rendered":"LOS MUROS DE LA VERG\u00dcENZA"},"content":{"rendered":"<p>Hace escasos d\u00edas tuve la agradable oportunidad de pasar tres d\u00edas en Berl\u00edn. En un oto\u00f1o inusualmente c\u00e1lido para la capital alemana, pude disfrutar de las vistas de la ciudad desde el Reichstag, recorrer los recovecos del barrio jud\u00edo y asombrarme ante el Altar de P\u00e9rgamo, la Puerta de Ishtar y la fachada al mercado de Mileto.<\/p>\n<p>Mi apacible visita qued\u00f3 enturbiada cuando, paseando por el East Side Gallery, contempl\u00e9 uno de los vestigios m\u00e1s estremecedores de la historia del siglo XX, el \u201cMuro de Protecci\u00f3n Antifascista\u201d, m\u00e1s conocido por todos como \u201cMuro de Berl\u00edn\u201d. Construido en 1961, separ\u00f3 durante casi tres d\u00e9cadas la Rep\u00fablica Federal Alemana de la Rep\u00fablica Democr\u00e1tica Alemana y fue s\u00edmbolo de la divisi\u00f3n ideol\u00f3gica  mundial en dos bloques diametralmente opuestos durante la Guerra Fr\u00eda.<\/p>\n<p>A la vuelta de mi peque\u00f1o viaje, leyendo algo m\u00e1s sobre este tema, descubr\u00ed que todav\u00eda existen muchos \u201cmuros de la verg\u00fcenza\u201d. Algunos han sido construidos para separar sociedades enfrentadas como el que divide Israel de Palestina o la Chipre turca de la griega. Algunos para frenar la inmigraci\u00f3n ilegal como el de Melilla o el de Estados Unidos-M\u00e9xico. Otros para frenar acciones terroristas como el de Arabia Saud\u00ed o beligerantes como el existente entre las dos Coreas.<\/p>\n<p>Pero, independientemente de los motivos, \u201cen el mundo existen actualmente 17 muros o barreras infranqueables entre pa\u00edses por un total de 7.500 km. aunque llegar\u00e1n a alcanzar los 18.00 km. cuando est\u00e9n terminados\u201d seg\u00fan en el ge\u00f3grafo Michel Fouche.<\/p>\n<p>Si quer\u00e9is profundizar sobre los muros de las verg\u00fcenza os recomiendo los siguiente enlaces:<\/p>\n<ul>\n<li> <a href=\"http:\/\/elpais.com\/diario\/2009\/11\/07\/opinion\/1257548404_850215.html\" target=\"_blank\" rel=\"nofollow\">http:\/\/elpais.com\/diario\/2009\/11\/07\/opinion\/1257548404_850215.html<\/a><\/li>\n<li><a href=\"http:\/\/www.youtube.com\/watch?v=vN7w9pidrzI\" target=\"_blank\" rel=\"nofollow\">http:\/\/www.youtube.com\/watch?v=vN7w9pidrzI<\/a><\/li>\n<li><a href=\"http:\/\/www.youtube.com\/watch?v=reh6ZwbF1g0&amp;feature=relmfu\" target=\"_blank\" rel=\"nofollow\">http:\/\/www.youtube.com\/watch?v=reh6ZwbF1g0&amp;feature=relmfu<\/a><\/li>\n<\/ul>\n","protected":false},"excerpt":{"rendered":"<p>Hace escasos d\u00edas tuve la agradable oportunidad de pasar tres d\u00edas en Berl\u00edn. En un oto\u00f1o inusualmente c\u00e1lido para la capital alemana, pude disfrutar de las vistas de la ciudad desde el Reichstag, recorrer los recovecos del barrio jud\u00edo y asombrarme ante el Altar de P\u00e9rgamo, la Puerta de Ishtar y la fachada al mercado [&hellip;]<\/p>\n","protected":false},"author":142,"featured_media":1470,"comment_status":"closed","ping_status":"open","sticky":false,"template":"","format":"standard","meta":{"footnotes":""},"categories":[1],"tags":[],"_links":{"self":[{"href":"https:\/\/blogs.udima.es\/historia\/wp-json\/wp\/v2\/posts\/733"}],"collection":[{"href":"https:\/\/blogs.udima.es\/historia\/wp-json\/wp\/v2\/posts"}],"about":[{"href":"https:\/\/blogs.udima.es\/historia\/wp-json\/wp\/v2\/types\/post"}],"author":[{"embeddable":true,"href":"https:\/\/blogs.udima.es\/historia\/wp-json\/wp\/v2\/users\/142"}],"replies":[{"embeddable":true,"href":"https:\/\/blogs.udima.es\/historia\/wp-json\/wp\/v2\/comments?post=733"}],"version-history":[{"count":2,"href":"https:\/\/blogs.udima.es\/historia\/wp-json\/wp\/v2\/posts\/733\/revisions"}],"predecessor-version":[{"id":736,"href":"https:\/\/blogs.udima.es\/historia\/wp-json\/wp\/v2\/posts\/733\/revisions\/736"}],"wp:featuredmedia":[{"embeddable":true,"href":"https:\/\/blogs.udima.es\/historia\/wp-json\/wp\/v2\/media\/1470"}],"wp:attachment":[{"href":"https:\/\/blogs.udima.es\/historia\/wp-json\/wp\/v2\/media?parent=733"}],"wp:term":[{"taxonomy":"category","embeddable":true,"href":"https:\/\/blogs.udima.es\/historia\/wp-json\/wp\/v2\/categories?post=733"},{"taxonomy":"post_tag","embeddable":true,"href":"https:\/\/blogs.udima.es\/historia\/wp-json\/wp\/v2\/tags?post=733"}],"curies":[{"name":"wp","href":"https:\/\/api.w.org\/{rel}","templated":true}]}}