{"id":728,"date":"2012-11-09T09:23:05","date_gmt":"2012-11-09T09:23:05","guid":{"rendered":"http:\/\/www.historiaudima.com\/?p=728"},"modified":"2021-11-18T07:34:53","modified_gmt":"2021-11-18T07:34:53","slug":"la-puerta-del-sol-protagonista-ayer-y-hoy","status":"publish","type":"post","link":"https:\/\/blogs.udima.es\/historia\/la-puerta-del-sol-protagonista-ayer-y-hoy\/","title":{"rendered":"La Puerta del Sol, protagonista ayer y hoy"},"content":{"rendered":"<p>La plaza de la Puerta del Sol debe su configuraci\u00f3n actual a la reforma que se llev\u00f3 a cabo entre 1853 y 1862. Aquel ambicioso proyecto supuso pasar de una plaza rectangular, que m\u00e1s bien era un ensanchamiento de calles, a una plaza semi-el\u00edptica. En la plaza, ocupando la Real Casa de Correos del siglo XVIII, se localizaba el Ministerio de Gobernaci\u00f3n, que por ser la sede de un importante organismo pol\u00edtico condicion\u00f3 el proyecto al considerarse necesario adecuar el espacio inmediato bajo mejores patrones de orden p\u00fablico y seguridad, en una \u00e9poca de convulsiones y revueltas. Hubo, adem\u00e1s, otras motivaciones para la puesta en marcha de una obra de tal calibre, entre las que destacaron la necesidad de optimizar la circulaci\u00f3n de un espacio muy transitado y mejorar la salubridad de la zona.<\/p>\n<p>La ejecuci\u00f3n del proyecto dise\u00f1ado por el arquitecto Juan Bautista Peyronet se demor\u00f3 durante varios a\u00f1os debido a su complejidad y envergadura, pues se realizaron expropiaciones y derribos de edificios que afectaron a m\u00e1s de 20.000 m<sup>2<\/sup>. Tras el paso de la piqueta, se reordenaron parcelas y alineaciones de calles, y se levantaron nuevas edificaciones acordes con la modernidad de la \u00e9poca. La nueva plaza fue inaugurada en 1862 y aparte del cambio radical en el paisaje urbano, supuso tambi\u00e9n un marcado aumento del nivel social del barrio, sin perder la vocaci\u00f3n comercial que siempre tuvo la plaza.<\/p>\n<p>Desde entonces la Puerta del Sol ha mantenido su fuerza como centro neur\u00e1lgico en la ciudad, zona de confluencia de manifestaciones y movimientos sociales y espacio de representaci\u00f3n pol\u00edtica. Su trascendencia como escenario urbano privilegiado supuso que durante el siglo XX los gobernantes de Madrid le dieran un tratamiento especial, sucedi\u00e9ndose varias reformas de ornato y de reorganizaci\u00f3n del tr\u00e1fico. En el periodo democr\u00e1tico todos los equipos de gobierno municipal han buscado dejar su huella en este espacio cargado de valor identitario. As\u00ed, en 1986 se dispuso una importante restricci\u00f3n al tr\u00e1nsito de veh\u00edculos y se instal\u00f3 un nuevo mobiliario urbano, y en 1990 se coloc\u00f3 la estatua ecuestre de Carlos III y la popular del oso y el madro\u00f1o.<\/p>\n<p>No obstante, la reforma reciente m\u00e1s ambiciosa se emprendi\u00f3 en el a\u00f1o 2005 con las obras que llevaron el transporte ferroviario de cercan\u00edas hasta la Puerta del Sol. En el a\u00f1o 2009 qued\u00f3 inaugurada de nuevo la plaza, con una considerable ampliaci\u00f3n del espacio peatonal y el templete de acceso al intercambiador de transportes dise\u00f1ado por el arquitecto Antonio Fern\u00e1ndez Alba, que aspira a convertirse en un nuevo icono urbano.<\/p>\n<p>Han pasado poco m\u00e1s de tres a\u00f1os desde la \u00faltima obra y la tentaci\u00f3n pol\u00edtica de intervenir en este espacio urbano tan relevante nos sorprende de nuevo, con el anuncio en el mes de octubre de otra propuesta de reforma avalada por el recientemente estrenado equipo municipal. La nueva intervenci\u00f3n en la Puerta del Sol plantea esta vez plantar \u00e1rboles en la plaza y adecuar un espacio para terrazas y kioscos de bebidas. M\u00e1s all\u00e1 de las muchas valoraciones que suscitar\u00e1 el proyecto, es evidente que el anhelo por dejar huella en la ciudad sigue levantado pasiones y nos permite asegurar que esta no ser\u00e1 la \u00faltima versi\u00f3n de Sol que conoceremos en los pr\u00f3ximos a\u00f1os.<\/p>\n<p>Navascu\u00e9s Palacio, P. (1968) \u00abProyectos del siglo XIX para la reforma urbana de la Puerta del Sol\u00bb, <em>Villa de Madrid, Revista del Excmo. Ayutamiento<\/em> (Madrid), n\u00ba 25,\u00a0 pp. 64-81.<\/p>\n<p>Quir\u00f3s Linares, F. (1983): \u00abLa construcci\u00f3n del centro urbano. Pol\u00edtica y especulaci\u00f3n en la reforma de la Puerta del Sol\u00bb, <em>Er\u00eda<\/em>, n\u00ba 4, pp.81-91.<\/p>\n","protected":false},"excerpt":{"rendered":"<p>La plaza de la Puerta del Sol debe su configuraci\u00f3n actual a la reforma que se llev\u00f3 a cabo entre 1853 y 1862. Aquel ambicioso proyecto supuso pasar de una plaza rectangular, que m\u00e1s bien era un ensanchamiento de calles, a una plaza semi-el\u00edptica. En la plaza, ocupando la Real Casa de Correos del siglo [&hellip;]<\/p>\n","protected":false},"author":141,"featured_media":0,"comment_status":"closed","ping_status":"open","sticky":false,"template":"","format":"standard","meta":{"footnotes":""},"categories":[1],"tags":[],"_links":{"self":[{"href":"https:\/\/blogs.udima.es\/historia\/wp-json\/wp\/v2\/posts\/728"}],"collection":[{"href":"https:\/\/blogs.udima.es\/historia\/wp-json\/wp\/v2\/posts"}],"about":[{"href":"https:\/\/blogs.udima.es\/historia\/wp-json\/wp\/v2\/types\/post"}],"author":[{"embeddable":true,"href":"https:\/\/blogs.udima.es\/historia\/wp-json\/wp\/v2\/users\/141"}],"replies":[{"embeddable":true,"href":"https:\/\/blogs.udima.es\/historia\/wp-json\/wp\/v2\/comments?post=728"}],"version-history":[{"count":4,"href":"https:\/\/blogs.udima.es\/historia\/wp-json\/wp\/v2\/posts\/728\/revisions"}],"predecessor-version":[{"id":732,"href":"https:\/\/blogs.udima.es\/historia\/wp-json\/wp\/v2\/posts\/728\/revisions\/732"}],"wp:attachment":[{"href":"https:\/\/blogs.udima.es\/historia\/wp-json\/wp\/v2\/media?parent=728"}],"wp:term":[{"taxonomy":"category","embeddable":true,"href":"https:\/\/blogs.udima.es\/historia\/wp-json\/wp\/v2\/categories?post=728"},{"taxonomy":"post_tag","embeddable":true,"href":"https:\/\/blogs.udima.es\/historia\/wp-json\/wp\/v2\/tags?post=728"}],"curies":[{"name":"wp","href":"https:\/\/api.w.org\/{rel}","templated":true}]}}