{"id":685,"date":"2012-10-15T09:26:51","date_gmt":"2012-10-15T09:26:51","guid":{"rendered":"http:\/\/www.historiaudima.com\/?p=685"},"modified":"2021-11-18T07:34:53","modified_gmt":"2021-11-18T07:34:53","slug":"una-revista-arqueologica-on-line-en-ciernes","status":"publish","type":"post","link":"https:\/\/blogs.udima.es\/historia\/una-revista-arqueologica-on-line-en-ciernes\/","title":{"rendered":"una revista arqueol\u00f3gica on-line, en ciernes"},"content":{"rendered":"<p>En tiempos de crisis el pesimismo se vuelve contagioso. Nadie se atreve a tomar iniciativas y cualquier tipo de aventura human\u00edstica con requerimientos econ\u00f3micos se presenta como una temeridad. Pero ese miedo paralizante, instalado en nosotros en momentos de zozobra como este que vivimos, deber\u00e1 dar paso, en alg\u00fan momento, al riesgo, al optimismo. De los contextos m\u00e1s depresivos han nacido siempre los proyectos m\u00e1s ambiciosos y esperanzadores. El \u00faltimo, una revista digital con la arqueolog\u00eda como leitmotiv. Otros pa\u00edses del llamado primer mundo ya ha emprendido la aventura. Se trata de crear un foro arqueol\u00f3gico que deje atr\u00e1s los formatos conformistas y acartonados de otros tiempos. La propuesta es simple: llegar al gran p\u00fablico con noticias de impacto cient\u00edfico que han estado tradicionalmente recluidas en foros de especialistas. Si el patrimonio y la ciencia son de todos, tambi\u00e9n lo son las novedades y discusiones derivadas de ellas. La iniciativa a la que me refiero cuenta con el Instituto Arqueol\u00f3gico Alem\u00e1n como padrino institucional, con empresas (espa\u00f1olas y alemanas) como sponsors,  y con arque\u00f3logos doctores y profesionales de los medios de comunicaci\u00f3n como ejecutores del proyecto. En el punto de mira de esta revista digital figuran las novedades acontecidas en el seno del Instituto Arqueol\u00f3gico Alem\u00e1n, que cuenta con \u00absucursales\u00bb en todo el mundo. Por ejemplo, las misiones arqueol\u00f3gicas germanas destacadas en pa\u00edses del mundo \u00e1rabe, sometidos actualmente a conflictos y tensiones geopol\u00edticas. Se atender\u00e1 tambi\u00e9n a asuntos arqueol\u00f3gicos acontecidos en Espa\u00f1a que trasciendan lo superficial, lo descriptivo. Uno de los principios que mueve este proyecto es la fe ciega en la arqueolog\u00eda como reclamo. El convencimiento de que al gran p\u00fablico le interesan los aconteceres de nuestros antepasados nos ha conducido hasta esta empresa pionera en Espa\u00f1a. Aunque el formato est\u00e1 a\u00fan por discutirse, el punto de convergencia del potencial lector ha de ser el de la ciencia divulgativa. El lenguaje utilizado estar\u00e1 al alcance de todos y se evitar\u00e1n las visiones tendenciosas. No ser\u00e1 esta una tribuna arqueol\u00f3gica en la que tengan cabidas las teor\u00edas delirantes  o el esoterismo gratuito. Se puede ser escrupuloso con la ciencia sin necesidad de abrumar con tecnicismos. Ese es el reto: arqueolog\u00eda para todos desde el rigor. En breve, tendremos noticias.<\/p>\n<p>Daniel Casado Rigalt<\/p>\n","protected":false},"excerpt":{"rendered":"<p>En tiempos de crisis el pesimismo se vuelve contagioso. Nadie se atreve a tomar iniciativas y cualquier tipo de aventura human\u00edstica con requerimientos econ\u00f3micos se presenta como una temeridad. Pero ese miedo paralizante, instalado en nosotros en momentos de zozobra como este que vivimos, deber\u00e1 dar paso, en alg\u00fan momento, al riesgo, al optimismo. De [&hellip;]<\/p>\n","protected":false},"author":5,"featured_media":0,"comment_status":"closed","ping_status":"open","sticky":false,"template":"","format":"standard","meta":{"footnotes":""},"categories":[1],"tags":[],"_links":{"self":[{"href":"https:\/\/blogs.udima.es\/historia\/wp-json\/wp\/v2\/posts\/685"}],"collection":[{"href":"https:\/\/blogs.udima.es\/historia\/wp-json\/wp\/v2\/posts"}],"about":[{"href":"https:\/\/blogs.udima.es\/historia\/wp-json\/wp\/v2\/types\/post"}],"author":[{"embeddable":true,"href":"https:\/\/blogs.udima.es\/historia\/wp-json\/wp\/v2\/users\/5"}],"replies":[{"embeddable":true,"href":"https:\/\/blogs.udima.es\/historia\/wp-json\/wp\/v2\/comments?post=685"}],"version-history":[{"count":1,"href":"https:\/\/blogs.udima.es\/historia\/wp-json\/wp\/v2\/posts\/685\/revisions"}],"predecessor-version":[{"id":686,"href":"https:\/\/blogs.udima.es\/historia\/wp-json\/wp\/v2\/posts\/685\/revisions\/686"}],"wp:attachment":[{"href":"https:\/\/blogs.udima.es\/historia\/wp-json\/wp\/v2\/media?parent=685"}],"wp:term":[{"taxonomy":"category","embeddable":true,"href":"https:\/\/blogs.udima.es\/historia\/wp-json\/wp\/v2\/categories?post=685"},{"taxonomy":"post_tag","embeddable":true,"href":"https:\/\/blogs.udima.es\/historia\/wp-json\/wp\/v2\/tags?post=685"}],"curies":[{"name":"wp","href":"https:\/\/api.w.org\/{rel}","templated":true}]}}