{"id":2740,"date":"2019-01-22T12:01:18","date_gmt":"2019-01-22T12:01:18","guid":{"rendered":"https:\/\/blogs.udima.es\/historia\/?p=2740"},"modified":"2021-11-18T07:34:40","modified_gmt":"2021-11-18T07:34:40","slug":"cartas-encriptadas-la-correspondencia-de-fernando-el-catolico-con-el-gran-capitan-por-las-historiadoras-laura-lara-y-maria-lara","status":"publish","type":"post","link":"https:\/\/blogs.udima.es\/historia\/cartas-encriptadas-la-correspondencia-de-fernando-el-catolico-con-el-gran-capitan-por-las-historiadoras-laura-lara-y-maria-lara\/","title":{"rendered":"\u00abCartas encriptadas. La correspondencia de Fernando el Cat\u00f3lico con el Gran Capit\u00e1n\u00bb, por las historiadoras Laura Lara y Mar\u00eda Lara"},"content":{"rendered":"<p>En esta nueva entrega de La aventura del saber (programa de La 2 de TVE dirigido por Salvador G\u00f3mez Vald\u00e9s), las Doctoras Laura y Mar\u00eda Lara Mart\u00ednez analizan las cartas secretas de los Reyes Cat\u00f3licos y la trayectoria de Gonzalo Fern\u00e1ndez de C\u00f3rdoba, el Gran Capit\u00e1n. Una investigaci\u00f3n que enlaza con el desciframiento por parte del Centro Nacional de Inteligencia de 4 misivas que fueron extra\u00eddas de un conjunto de 16 de un legajo propiedad de los Duques de Maqueda, las cuales fueron escritas entre 1502 y 1506.<\/p>\n<p>Todo surgi\u00f3 con motivo de la exposici\u00f3n que el Museo del Ej\u00e9rcito organiz\u00f3 en 2015 en Toledo para conmemorar el V centenario de la muerte del m\u00e1s leal de los vasallos de Isabel y Fernando, acaecida el 2 de diciembre de 1515. La paleograf\u00eda no era capaz de transcribir qu\u00e9 pod\u00edan decir cuatro ep\u00edstolas de extensi\u00f3n variable (la m\u00e1s amplia de 20 p\u00e1ginas), por lo que se recurri\u00f3 a los servicios del CNI, que ha tardado casi 6 meses en desvelar su contenido. Se trata de 88 s\u00edmbolos que equivalen a 237 letras de combinaciones m\u00faltiples, siendo la clave una chuleta dejada por el secretario del Gran Capit\u00e1n junto a una de las ep\u00edstolas. En esas cartas, Fernando el Cat\u00f3lico da instrucciones militares y consejos para fomentar la integraci\u00f3n de las tropas espa\u00f1olas en N\u00e1poles, territorio que por el Tratado de Lyon pas\u00f3 a ser de soberan\u00eda \u00fanica, espa\u00f1ola, en 1504.<\/p>\n<p>Precisamente, en ese momento, Gonzalo, el prestigioso guerrero de la Reconquista que convirti\u00f3 la infanter\u00eda en la reina de las batallas frente a la pesada caballer\u00eda medieval, fue nombrado virrey de Na\u1e55oles. Desempe\u00f1\u00f3 el cargo hasta que, en 1507, Fernando el Cat\u00f3lico lo desterr\u00f3 a Loja, no sin antes recibir el desplante del caballero andaluz que, a\u00fan aceptando los Ducados de Santangelo, Terranova, Sessa y Andr\u00eda, le devolvi\u00f3 el quinto t\u00edtulo nobiliario que le hab\u00eda concedido el aragon\u00e9s: Duque de Montalto.<\/p>\n<p>La envidia fue el principal sentimiento que el Rey Cat\u00f3lico, inspirador de El Pr\u00edncipe de Maquiavelo, alberg\u00f3 hacia su lugarteniente en N\u00e1poles, h\u00e9roe de la batalla de Ceri\u00f1ola y freno del avance otomano en Cefalonia. Pero tambi\u00e9n el resentimiento hacia quien, como rezan \u00ablas cuentas del Gran Capit\u00e1n\u00bb, leyenda entrelazada con el t\u00edtulo de un legajo custodiado en el Archivo General de Simancas, hab\u00eda gastado los ducados en pagar a los frailes y a las monjas en que rezaran por la causa espa\u00f1ola en N\u00e1poles, en costear la reparaci\u00f3n de las campanas tocando a victoria y en tener una infinita paciencia con el soberano al que le hab\u00eda ganado un reino.<\/p>\n<p>Las Profesoras Lara dirigen en la UDIMA el grupo de investigaci\u00f3n (GI-14\/2) \u00abEspionaje en los siglos XVI-XIX. Experiencias de innovaci\u00f3n educativa\u00bb.<\/p>\n<p><iframe loading=\"lazy\" title=\"&quot;Cartas encriptadas. La correspondencia secreta del Gran Capit\u00e1n&quot;, por Laura Lara y Mar\u00eda Lara\" width=\"500\" height=\"375\" src=\"https:\/\/www.youtube.com\/embed\/OBCCYzCPNjo?feature=oembed\" frameborder=\"0\" allow=\"accelerometer; autoplay; clipboard-write; encrypted-media; gyroscope; picture-in-picture; web-share\" referrerpolicy=\"strict-origin-when-cross-origin\" allowfullscreen><\/iframe><\/p>\n<p>En TVE a la Carta: <a href=\"http:\/\/www.rtve.es\/alacarta\/videos\/la-aventura-del-saber\/aventuramllara\/4506088\" target=\"_blank\" rel=\"nofollow\">http:\/\/www.rtve.es\/alacarta\/videos\/la-aventura-del-saber\/aventuramllara\/4506088<\/a>\/<\/p>\n","protected":false},"excerpt":{"rendered":"<p>En esta nueva entrega de La aventura del saber (programa de La 2 de TVE dirigido por Salvador G\u00f3mez Vald\u00e9s), las Doctoras Laura y Mar\u00eda Lara Mart\u00ednez analizan las cartas secretas de los Reyes Cat\u00f3licos y la trayectoria de Gonzalo Fern\u00e1ndez de C\u00f3rdoba, el Gran Capit\u00e1n. Una investigaci\u00f3n que enlaza con el desciframiento por parte [&hellip;]<\/p>\n","protected":false},"author":8,"featured_media":2750,"comment_status":"closed","ping_status":"closed","sticky":false,"template":"","format":"standard","meta":{"footnotes":""},"categories":[100,1],"tags":[132,133,134,131,130,106,107,129],"_links":{"self":[{"href":"https:\/\/blogs.udima.es\/historia\/wp-json\/wp\/v2\/posts\/2740"}],"collection":[{"href":"https:\/\/blogs.udima.es\/historia\/wp-json\/wp\/v2\/posts"}],"about":[{"href":"https:\/\/blogs.udima.es\/historia\/wp-json\/wp\/v2\/types\/post"}],"author":[{"embeddable":true,"href":"https:\/\/blogs.udima.es\/historia\/wp-json\/wp\/v2\/users\/8"}],"replies":[{"embeddable":true,"href":"https:\/\/blogs.udima.es\/historia\/wp-json\/wp\/v2\/comments?post=2740"}],"version-history":[{"count":9,"href":"https:\/\/blogs.udima.es\/historia\/wp-json\/wp\/v2\/posts\/2740\/revisions"}],"predecessor-version":[{"id":3045,"href":"https:\/\/blogs.udima.es\/historia\/wp-json\/wp\/v2\/posts\/2740\/revisions\/3045"}],"wp:featuredmedia":[{"embeddable":true,"href":"https:\/\/blogs.udima.es\/historia\/wp-json\/wp\/v2\/media\/2750"}],"wp:attachment":[{"href":"https:\/\/blogs.udima.es\/historia\/wp-json\/wp\/v2\/media?parent=2740"}],"wp:term":[{"taxonomy":"category","embeddable":true,"href":"https:\/\/blogs.udima.es\/historia\/wp-json\/wp\/v2\/categories?post=2740"},{"taxonomy":"post_tag","embeddable":true,"href":"https:\/\/blogs.udima.es\/historia\/wp-json\/wp\/v2\/tags?post=2740"}],"curies":[{"name":"wp","href":"https:\/\/api.w.org\/{rel}","templated":true}]}}