{"id":1253,"date":"2011-10-25T14:57:15","date_gmt":"2011-10-25T14:57:15","guid":{"rendered":"http:\/\/www.derechoudima.com\/?p=238"},"modified":"2016-01-26T17:25:04","modified_gmt":"2016-01-26T17:25:04","slug":"falsear-las-notas-en-la-universidad","status":"publish","type":"post","link":"https:\/\/blogs.udima.es\/derecho\/falsear-las-notas-en-la-universidad\/","title":{"rendered":"Falsear las notas en la universidad"},"content":{"rendered":"<p>Aunque valorar jur\u00eddicamente una <a title=\"Falsear notas en la Universidad\" href=\"http:\/\/www.iustel.com\/v2\/diario_del_derecho\/noticia.asp?ref_iustel=1053552\" target=\"_blank\" rel=\"nofollow\">noticia<\/a> publicada en un medio de comunicaci\u00f3n siempre resulta \u00abcomplicado\u00bb (y m\u00e1s a\u00fan intuir un fallo judicial), si los hechos que podemos leer ahora se convierten luego en hechos probados, no cabe duda de que la Comunidad Universitaria habr\u00e1 sido atacada y herida.<\/p>\n<p>La noticia hace referencia al juicio que se inicia hoy en la Audiencia Provincial de Almer\u00eda contra una profesora de la Universidad de Almer\u00eda. Se le acusa de falsificaci\u00f3n en documento p\u00fablico (seg\u00fan la noticia, modific\u00f3 las notas de varias alumnas previamente aprobadas) y de coacciones (habl\u00f3 con estas alumnas, siempre seg\u00fan la noticia, de forma individual y les conmin\u00f3 a que se retractaran de un escrito de queja previamente presentado contra ella).<\/p>\n<p>Esperemos que el tiempo (y el tribunal) desmienta aquello por lo que hoy se acusa. La universidad no deber\u00eda estar relacionada con este tipo de actuaciones.<\/p>\n","protected":false},"excerpt":{"rendered":"<p>Aunque valorar jur\u00eddicamente una noticia publicada en un medio de comunicaci\u00f3n siempre resulta \u00abcomplicado\u00bb (y m\u00e1s a\u00fan intuir un fallo judicial), si los hechos que podemos leer ahora se convierten luego en hechos probados, no cabe duda de que la Comunidad Universitaria habr\u00e1 sido atacada y herida. La noticia hace referencia al juicio que se [&hellip;]<\/p>\n","protected":false},"author":16,"featured_media":1331,"comment_status":"open","ping_status":"open","sticky":false,"template":"","format":"standard","meta":{"footnotes":""},"categories":[1],"tags":[26,37,63],"_links":{"self":[{"href":"https:\/\/blogs.udima.es\/derecho\/wp-json\/wp\/v2\/posts\/1253"}],"collection":[{"href":"https:\/\/blogs.udima.es\/derecho\/wp-json\/wp\/v2\/posts"}],"about":[{"href":"https:\/\/blogs.udima.es\/derecho\/wp-json\/wp\/v2\/types\/post"}],"author":[{"embeddable":true,"href":"https:\/\/blogs.udima.es\/derecho\/wp-json\/wp\/v2\/users\/16"}],"replies":[{"embeddable":true,"href":"https:\/\/blogs.udima.es\/derecho\/wp-json\/wp\/v2\/comments?post=1253"}],"version-history":[{"count":1,"href":"https:\/\/blogs.udima.es\/derecho\/wp-json\/wp\/v2\/posts\/1253\/revisions"}],"predecessor-version":[{"id":1491,"href":"https:\/\/blogs.udima.es\/derecho\/wp-json\/wp\/v2\/posts\/1253\/revisions\/1491"}],"wp:featuredmedia":[{"embeddable":true,"href":"https:\/\/blogs.udima.es\/derecho\/wp-json\/wp\/v2\/media\/1331"}],"wp:attachment":[{"href":"https:\/\/blogs.udima.es\/derecho\/wp-json\/wp\/v2\/media?parent=1253"}],"wp:term":[{"taxonomy":"category","embeddable":true,"href":"https:\/\/blogs.udima.es\/derecho\/wp-json\/wp\/v2\/categories?post=1253"},{"taxonomy":"post_tag","embeddable":true,"href":"https:\/\/blogs.udima.es\/derecho\/wp-json\/wp\/v2\/tags?post=1253"}],"curies":[{"name":"wp","href":"https:\/\/api.w.org\/{rel}","templated":true}]}}