{"id":1242,"date":"2011-03-24T11:37:20","date_gmt":"2011-03-24T11:37:20","guid":{"rendered":"http:\/\/www.derechoudima.com\/?p=159"},"modified":"2016-01-26T17:25:04","modified_gmt":"2016-01-26T17:25:04","slug":"el-tribunal-supremo-ilegaliza-sortu","status":"publish","type":"post","link":"https:\/\/blogs.udima.es\/derecho\/el-tribunal-supremo-ilegaliza-sortu\/","title":{"rendered":"EL TRIBUNAL SUPREMO ILEGALIZA SORTU"},"content":{"rendered":"<p>La llamada Sala del 61 del Tribunal Supremo ha estimado las demandas de la Abogac\u00eda del Estado y de la Fiscal\u00eda contra la inscripci\u00f3n de Sortu en el registro de partidos pol\u00edticos. Siete de los diecis\u00e9is miembros de la Sala se opusieron a la mayor\u00eda, y a la resoluci\u00f3n se han a\u00f1adido tres votos particulares discrepantes.<\/p>\n<p>En esencia, el Tribunal ha basado su decisi\u00f3n en dos argumentos: a) Sortu es un proyecto pol\u00edtico de la izquierda abertzale heredero de la ilegalalizada Batasuna; b) Sortu no se ha desvinculado de ETA, pese al intento aparentar lo contrario en los estatutos presentados en el Ministerio del Interior.<\/p>\n<p>El fallo conlleva la prohibici\u00f3n de inscribir a Sortu como partido pol\u00edtico, y contra el mismo cabe recurso de amparo ante el Tribunal Constitucional, para lo que tendr\u00e1 un plazo de 30 d\u00edas desde que se notifique la resoluci\u00f3n. Asimismo, la prohibici\u00f3n de inscripci\u00f3n supone que Sortu no podr\u00e1 presentar candidaturas a las elecciones locales del d\u00eda 22 de mayo.<\/p>\n","protected":false},"excerpt":{"rendered":"<p>La llamada Sala del 61 del Tribunal Supremo ha estimado las demandas de la Abogac\u00eda del Estado y de la Fiscal\u00eda contra la inscripci\u00f3n de Sortu en el registro de partidos pol\u00edticos. Siete de los diecis\u00e9is miembros de la Sala se opusieron a la mayor\u00eda, y a la resoluci\u00f3n se han a\u00f1adido tres votos particulares [&hellip;]<\/p>\n","protected":false},"author":5,"featured_media":1331,"comment_status":"open","ping_status":"open","sticky":false,"template":"","format":"standard","meta":{"footnotes":""},"categories":[1],"tags":[],"_links":{"self":[{"href":"https:\/\/blogs.udima.es\/derecho\/wp-json\/wp\/v2\/posts\/1242"}],"collection":[{"href":"https:\/\/blogs.udima.es\/derecho\/wp-json\/wp\/v2\/posts"}],"about":[{"href":"https:\/\/blogs.udima.es\/derecho\/wp-json\/wp\/v2\/types\/post"}],"author":[{"embeddable":true,"href":"https:\/\/blogs.udima.es\/derecho\/wp-json\/wp\/v2\/users\/5"}],"replies":[{"embeddable":true,"href":"https:\/\/blogs.udima.es\/derecho\/wp-json\/wp\/v2\/comments?post=1242"}],"version-history":[{"count":1,"href":"https:\/\/blogs.udima.es\/derecho\/wp-json\/wp\/v2\/posts\/1242\/revisions"}],"predecessor-version":[{"id":1505,"href":"https:\/\/blogs.udima.es\/derecho\/wp-json\/wp\/v2\/posts\/1242\/revisions\/1505"}],"wp:featuredmedia":[{"embeddable":true,"href":"https:\/\/blogs.udima.es\/derecho\/wp-json\/wp\/v2\/media\/1331"}],"wp:attachment":[{"href":"https:\/\/blogs.udima.es\/derecho\/wp-json\/wp\/v2\/media?parent=1242"}],"wp:term":[{"taxonomy":"category","embeddable":true,"href":"https:\/\/blogs.udima.es\/derecho\/wp-json\/wp\/v2\/categories?post=1242"},{"taxonomy":"post_tag","embeddable":true,"href":"https:\/\/blogs.udima.es\/derecho\/wp-json\/wp\/v2\/tags?post=1242"}],"curies":[{"name":"wp","href":"https:\/\/api.w.org\/{rel}","templated":true}]}}