{"id":868,"date":"2012-10-22T12:02:48","date_gmt":"2012-10-22T12:02:48","guid":{"rendered":"http:\/\/www.adeudima.com\/?p=868"},"modified":"2016-01-20T11:40:19","modified_gmt":"2016-01-20T11:40:19","slug":"universidad-como-motor-del-crecimiento-economico","status":"publish","type":"post","link":"https:\/\/blogs.udima.es\/administracion-y-direccion-de-empresas\/universidad-como-motor-del-crecimiento-economico\/","title":{"rendered":"Universidad como motor del crecimiento econ\u00f3mico"},"content":{"rendered":"<p><!-- \t\t@page { margin: 2cm } \t\tP { margin-bottom: 0.21cm } -->En los \u00faltimos a\u00f1os, y tras el proceso de modernizaci\u00f3n acometido en las universidades europeas motivado por la Declaraci\u00f3n de Bolonia en 1999, se pretende que la universidad ostente un papel como motor del crecimiento econ\u00f3mico, encontr\u00e1ndose al servicio de la sociedad. As\u00ed, se habla de una universidad de garant\u00eda en el cumplimiento de sus tres funciones principales, todas ellas interrelacionadas y dependientes: formaci\u00f3n superior (docencia), creaci\u00f3n de conocimiento (investigaci\u00f3n) e innovaci\u00f3n.<\/p>\n<p>Por otra parte, en el contexto de crisis en el que nos encontramos, con un grave problema de fuentes de ingresos, los estudios sobre la labor que debe desarrollar  la universidad han proliferado considerablemente. As\u00ed, aconsejo la lectura del estudio <em>Universidad, universitarios y productividad en Espa\u00f1a<\/em> publicado por la fundaci\u00f3n BBVA. Sin perjuicio de apostar por la especializaci\u00f3n de las universidades para aumentar su competitividad internacional, entre otros aspectos, considera que la modesta contribuci\u00f3n de los universitarios espa\u00f1oles a la productividad se debe, en gran medida, a las caracter\u00edsticas de nuestro mercado laboral -aumento del n\u00famero de jovenes desempleados y su duraci\u00f3n en paro- que dificulta que nuestros jovenes adquieran la experiencia necesaria para alcanzar unas cuotas de productividad cercanas a las de otros pa\u00edses europeos.<\/p>\n<p><a href=\"http:\/\/www.financierodigital.es\/fd\/economia\/relaciones-universidades-empresas-claves-productivo_0_1261674074.html\" target=\"_blank\" rel=\"nofollow\">Fuente: Financierodigital.es<\/a><\/p>\n","protected":false},"excerpt":{"rendered":"<p>En los \u00faltimos a\u00f1os, y tras el proceso de modernizaci\u00f3n acometido en las universidades europeas motivado por la Declaraci\u00f3n de Bolonia en 1999, se pretende que la universidad ostente un papel como motor del crecimiento econ\u00f3mico, encontr\u00e1ndose al servicio de la sociedad. As\u00ed, se habla de una universidad de garant\u00eda en el cumplimiento de sus [&hellip;]<\/p>\n","protected":false},"author":11,"featured_media":1553,"comment_status":"open","ping_status":"open","sticky":false,"template":"","format":"standard","meta":{"footnotes":""},"categories":[1],"tags":[],"yoast_head":"<!-- This site is optimized with the Yoast SEO plugin v22.9 - https:\/\/yoast.com\/wordpress\/plugins\/seo\/ -->\n<title>Universidad como motor del crecimiento econ\u00f3mico - Blog de ADE<\/title>\n<meta name=\"robots\" content=\"index, follow, max-snippet:-1, max-image-preview:large, max-video-preview:-1\" \/>\n<link rel=\"canonical\" href=\"https:\/\/blogs.udima.es\/administracion-y-direccion-de-empresas\/universidad-como-motor-del-crecimiento-economico\/\" \/>\n<meta property=\"og:locale\" content=\"es_ES\" \/>\n<meta property=\"og:type\" content=\"article\" \/>\n<meta property=\"og:title\" content=\"Universidad como motor del crecimiento econ\u00f3mico - Blog de ADE\" \/>\n<meta property=\"og:description\" content=\"En los \u00faltimos a\u00f1os, y tras el proceso de modernizaci\u00f3n acometido en las universidades europeas motivado por la Declaraci\u00f3n de Bolonia en 1999, se pretende que la universidad ostente un papel como motor del crecimiento econ\u00f3mico, encontr\u00e1ndose al servicio de la sociedad. As\u00ed, se habla de una universidad de garant\u00eda en el cumplimiento de sus [&hellip;]\" \/>\n<meta property=\"og:url\" content=\"https:\/\/blogs.udima.es\/administracion-y-direccion-de-empresas\/universidad-como-motor-del-crecimiento-economico\/\" \/>\n<meta property=\"og:site_name\" content=\"Blog de ADE - Universidad a Distancia de Madrid | UDIMA\" \/>\n<meta property=\"article:published_time\" content=\"2012-10-22T12:02:48+00:00\" \/>\n<meta property=\"article:modified_time\" content=\"2016-01-20T11:40:19+00:00\" \/>\n<meta property=\"og:image\" content=\"https:\/\/blogs.udima.es\/administracion-y-direccion-de-empresas\/wp-content\/uploads\/Gen\u00e9rico_ADE.jpg\" \/>\n\t<meta property=\"og:image:width\" content=\"500\" \/>\n\t<meta property=\"og:image:height\" content=\"357\" \/>\n\t<meta property=\"og:image:type\" content=\"image\/jpeg\" \/>\n<meta name=\"author\" content=\"Patricia Victor\" \/>\n<meta name=\"twitter:card\" content=\"summary_large_image\" \/>\n<meta name=\"twitter:creator\" content=\"@https:\/\/twitter.com\/PatriciaVictorP\" \/>\n<meta name=\"twitter:label1\" content=\"Escrito por\" \/>\n\t<meta name=\"twitter:data1\" content=\"Patricia Victor\" \/>\n\t<meta name=\"twitter:label2\" content=\"Tiempo de lectura\" \/>\n\t<meta name=\"twitter:data2\" content=\"1 minuto\" \/>\n<script type=\"application\/ld+json\" class=\"yoast-schema-graph\">{\"@context\":\"https:\/\/schema.org\",\"@graph\":[{\"@type\":\"WebPage\",\"@id\":\"https:\/\/blogs.udima.es\/administracion-y-direccion-de-empresas\/universidad-como-motor-del-crecimiento-economico\/\",\"url\":\"https:\/\/blogs.udima.es\/administracion-y-direccion-de-empresas\/universidad-como-motor-del-crecimiento-economico\/\",\"name\":\"Universidad como motor del crecimiento econ\u00f3mico - Blog de ADE\",\"isPartOf\":{\"@id\":\"https:\/\/blogs.udima.es\/administracion-y-direccion-de-empresas\/#website\"},\"primaryImageOfPage\":{\"@id\":\"https:\/\/blogs.udima.es\/administracion-y-direccion-de-empresas\/universidad-como-motor-del-crecimiento-economico\/#primaryimage\"},\"image\":{\"@id\":\"https:\/\/blogs.udima.es\/administracion-y-direccion-de-empresas\/universidad-como-motor-del-crecimiento-economico\/#primaryimage\"},\"thumbnailUrl\":\"https:\/\/blogs.udima.es\/administracion-y-direccion-de-empresas\/wp-content\/uploads\/Gen\u00e9rico_ADE.jpg\",\"datePublished\":\"2012-10-22T12:02:48+00:00\",\"dateModified\":\"2016-01-20T11:40:19+00:00\",\"author\":{\"@id\":\"https:\/\/blogs.udima.es\/administracion-y-direccion-de-empresas\/#\/schema\/person\/a98d925435783eb4ecfe8b6805f00b01\"},\"breadcrumb\":{\"@id\":\"https:\/\/blogs.udima.es\/administracion-y-direccion-de-empresas\/universidad-como-motor-del-crecimiento-economico\/#breadcrumb\"},\"inLanguage\":\"es\",\"potentialAction\":[{\"@type\":\"ReadAction\",\"target\":[\"https:\/\/blogs.udima.es\/administracion-y-direccion-de-empresas\/universidad-como-motor-del-crecimiento-economico\/\"]}]},{\"@type\":\"ImageObject\",\"inLanguage\":\"es\",\"@id\":\"https:\/\/blogs.udima.es\/administracion-y-direccion-de-empresas\/universidad-como-motor-del-crecimiento-economico\/#primaryimage\",\"url\":\"https:\/\/blogs.udima.es\/administracion-y-direccion-de-empresas\/wp-content\/uploads\/Gen\u00e9rico_ADE.jpg\",\"contentUrl\":\"https:\/\/blogs.udima.es\/administracion-y-direccion-de-empresas\/wp-content\/uploads\/Gen\u00e9rico_ADE.jpg\",\"width\":500,\"height\":357,\"caption\":\"Businessman considering a brainstorm for marketing\"},{\"@type\":\"BreadcrumbList\",\"@id\":\"https:\/\/blogs.udima.es\/administracion-y-direccion-de-empresas\/universidad-como-motor-del-crecimiento-economico\/#breadcrumb\",\"itemListElement\":[{\"@type\":\"ListItem\",\"position\":1,\"name\":\"Portada\",\"item\":\"https:\/\/blogs.udima.es\/administracion-y-direccion-de-empresas\/\"},{\"@type\":\"ListItem\",\"position\":2,\"name\":\"Universidad como motor del crecimiento econ\u00f3mico\"}]},{\"@type\":\"WebSite\",\"@id\":\"https:\/\/blogs.udima.es\/administracion-y-direccion-de-empresas\/#website\",\"url\":\"https:\/\/blogs.udima.es\/administracion-y-direccion-de-empresas\/\",\"name\":\"Blog de ADE - Universidad a Distancia de Madrid | UDIMA\",\"description\":\"\",\"potentialAction\":[{\"@type\":\"SearchAction\",\"target\":{\"@type\":\"EntryPoint\",\"urlTemplate\":\"https:\/\/blogs.udima.es\/administracion-y-direccion-de-empresas\/?s={search_term_string}\"},\"query-input\":\"required name=search_term_string\"}],\"inLanguage\":\"es\"},{\"@type\":\"Person\",\"@id\":\"https:\/\/blogs.udima.es\/administracion-y-direccion-de-empresas\/#\/schema\/person\/a98d925435783eb4ecfe8b6805f00b01\",\"name\":\"Patricia Victor\",\"image\":{\"@type\":\"ImageObject\",\"inLanguage\":\"es\",\"@id\":\"https:\/\/blogs.udima.es\/administracion-y-direccion-de-empresas\/#\/schema\/person\/image\/\",\"url\":\"https:\/\/secure.gravatar.com\/avatar\/dd312efc3c1863066a9eb43382476d44?s=96&d=mm&r=g\",\"contentUrl\":\"https:\/\/secure.gravatar.com\/avatar\/dd312efc3c1863066a9eb43382476d44?s=96&d=mm&r=g\",\"caption\":\"Patricia Victor\"},\"description\":\"Doctora en Econom\u00eda y Administraci\u00f3n de Empresas. Profesora de Contabilidad en UDIMA, Universidad a Distancia de Madrid. Ver perfil\",\"sameAs\":[\"https:\/\/es.linkedin.com\/in\/patricia-victor-03400b48\",\"https:\/\/x.com\/https:\/\/twitter.com\/PatriciaVictorP\"],\"url\":\"https:\/\/blogs.udima.es\/administracion-y-direccion-de-empresas\/author\/patricia-victor\/\"}]}<\/script>\n<!-- \/ Yoast SEO plugin. -->","yoast_head_json":{"title":"Universidad como motor del crecimiento econ\u00f3mico - Blog de ADE","robots":{"index":"index","follow":"follow","max-snippet":"max-snippet:-1","max-image-preview":"max-image-preview:large","max-video-preview":"max-video-preview:-1"},"canonical":"https:\/\/blogs.udima.es\/administracion-y-direccion-de-empresas\/universidad-como-motor-del-crecimiento-economico\/","og_locale":"es_ES","og_type":"article","og_title":"Universidad como motor del crecimiento econ\u00f3mico - Blog de ADE","og_description":"En los \u00faltimos a\u00f1os, y tras el proceso de modernizaci\u00f3n acometido en las universidades europeas motivado por la Declaraci\u00f3n de Bolonia en 1999, se pretende que la universidad ostente un papel como motor del crecimiento econ\u00f3mico, encontr\u00e1ndose al servicio de la sociedad. As\u00ed, se habla de una universidad de garant\u00eda en el cumplimiento de sus [&hellip;]","og_url":"https:\/\/blogs.udima.es\/administracion-y-direccion-de-empresas\/universidad-como-motor-del-crecimiento-economico\/","og_site_name":"Blog de ADE - Universidad a Distancia de Madrid | UDIMA","article_published_time":"2012-10-22T12:02:48+00:00","article_modified_time":"2016-01-20T11:40:19+00:00","og_image":[{"width":500,"height":357,"url":"https:\/\/blogs.udima.es\/administracion-y-direccion-de-empresas\/wp-content\/uploads\/Gen\u00e9rico_ADE.jpg","type":"image\/jpeg"}],"author":"Patricia Victor","twitter_card":"summary_large_image","twitter_creator":"@https:\/\/twitter.com\/PatriciaVictorP","twitter_misc":{"Escrito por":"Patricia Victor","Tiempo de lectura":"1 minuto"},"schema":{"@context":"https:\/\/schema.org","@graph":[{"@type":"WebPage","@id":"https:\/\/blogs.udima.es\/administracion-y-direccion-de-empresas\/universidad-como-motor-del-crecimiento-economico\/","url":"https:\/\/blogs.udima.es\/administracion-y-direccion-de-empresas\/universidad-como-motor-del-crecimiento-economico\/","name":"Universidad como motor del crecimiento econ\u00f3mico - Blog de ADE","isPartOf":{"@id":"https:\/\/blogs.udima.es\/administracion-y-direccion-de-empresas\/#website"},"primaryImageOfPage":{"@id":"https:\/\/blogs.udima.es\/administracion-y-direccion-de-empresas\/universidad-como-motor-del-crecimiento-economico\/#primaryimage"},"image":{"@id":"https:\/\/blogs.udima.es\/administracion-y-direccion-de-empresas\/universidad-como-motor-del-crecimiento-economico\/#primaryimage"},"thumbnailUrl":"https:\/\/blogs.udima.es\/administracion-y-direccion-de-empresas\/wp-content\/uploads\/Gen\u00e9rico_ADE.jpg","datePublished":"2012-10-22T12:02:48+00:00","dateModified":"2016-01-20T11:40:19+00:00","author":{"@id":"https:\/\/blogs.udima.es\/administracion-y-direccion-de-empresas\/#\/schema\/person\/a98d925435783eb4ecfe8b6805f00b01"},"breadcrumb":{"@id":"https:\/\/blogs.udima.es\/administracion-y-direccion-de-empresas\/universidad-como-motor-del-crecimiento-economico\/#breadcrumb"},"inLanguage":"es","potentialAction":[{"@type":"ReadAction","target":["https:\/\/blogs.udima.es\/administracion-y-direccion-de-empresas\/universidad-como-motor-del-crecimiento-economico\/"]}]},{"@type":"ImageObject","inLanguage":"es","@id":"https:\/\/blogs.udima.es\/administracion-y-direccion-de-empresas\/universidad-como-motor-del-crecimiento-economico\/#primaryimage","url":"https:\/\/blogs.udima.es\/administracion-y-direccion-de-empresas\/wp-content\/uploads\/Gen\u00e9rico_ADE.jpg","contentUrl":"https:\/\/blogs.udima.es\/administracion-y-direccion-de-empresas\/wp-content\/uploads\/Gen\u00e9rico_ADE.jpg","width":500,"height":357,"caption":"Businessman considering a brainstorm for marketing"},{"@type":"BreadcrumbList","@id":"https:\/\/blogs.udima.es\/administracion-y-direccion-de-empresas\/universidad-como-motor-del-crecimiento-economico\/#breadcrumb","itemListElement":[{"@type":"ListItem","position":1,"name":"Portada","item":"https:\/\/blogs.udima.es\/administracion-y-direccion-de-empresas\/"},{"@type":"ListItem","position":2,"name":"Universidad como motor del crecimiento econ\u00f3mico"}]},{"@type":"WebSite","@id":"https:\/\/blogs.udima.es\/administracion-y-direccion-de-empresas\/#website","url":"https:\/\/blogs.udima.es\/administracion-y-direccion-de-empresas\/","name":"Blog de ADE - Universidad a Distancia de Madrid | UDIMA","description":"","potentialAction":[{"@type":"SearchAction","target":{"@type":"EntryPoint","urlTemplate":"https:\/\/blogs.udima.es\/administracion-y-direccion-de-empresas\/?s={search_term_string}"},"query-input":"required name=search_term_string"}],"inLanguage":"es"},{"@type":"Person","@id":"https:\/\/blogs.udima.es\/administracion-y-direccion-de-empresas\/#\/schema\/person\/a98d925435783eb4ecfe8b6805f00b01","name":"Patricia Victor","image":{"@type":"ImageObject","inLanguage":"es","@id":"https:\/\/blogs.udima.es\/administracion-y-direccion-de-empresas\/#\/schema\/person\/image\/","url":"https:\/\/secure.gravatar.com\/avatar\/dd312efc3c1863066a9eb43382476d44?s=96&d=mm&r=g","contentUrl":"https:\/\/secure.gravatar.com\/avatar\/dd312efc3c1863066a9eb43382476d44?s=96&d=mm&r=g","caption":"Patricia Victor"},"description":"Doctora en Econom\u00eda y Administraci\u00f3n de Empresas. Profesora de Contabilidad en UDIMA, Universidad a Distancia de Madrid. Ver perfil","sameAs":["https:\/\/es.linkedin.com\/in\/patricia-victor-03400b48","https:\/\/x.com\/https:\/\/twitter.com\/PatriciaVictorP"],"url":"https:\/\/blogs.udima.es\/administracion-y-direccion-de-empresas\/author\/patricia-victor\/"}]}},"_links":{"self":[{"href":"https:\/\/blogs.udima.es\/administracion-y-direccion-de-empresas\/wp-json\/wp\/v2\/posts\/868"}],"collection":[{"href":"https:\/\/blogs.udima.es\/administracion-y-direccion-de-empresas\/wp-json\/wp\/v2\/posts"}],"about":[{"href":"https:\/\/blogs.udima.es\/administracion-y-direccion-de-empresas\/wp-json\/wp\/v2\/types\/post"}],"author":[{"embeddable":true,"href":"https:\/\/blogs.udima.es\/administracion-y-direccion-de-empresas\/wp-json\/wp\/v2\/users\/11"}],"replies":[{"embeddable":true,"href":"https:\/\/blogs.udima.es\/administracion-y-direccion-de-empresas\/wp-json\/wp\/v2\/comments?post=868"}],"version-history":[{"count":1,"href":"https:\/\/blogs.udima.es\/administracion-y-direccion-de-empresas\/wp-json\/wp\/v2\/posts\/868\/revisions"}],"predecessor-version":[{"id":1314,"href":"https:\/\/blogs.udima.es\/administracion-y-direccion-de-empresas\/wp-json\/wp\/v2\/posts\/868\/revisions\/1314"}],"wp:featuredmedia":[{"embeddable":true,"href":"https:\/\/blogs.udima.es\/administracion-y-direccion-de-empresas\/wp-json\/wp\/v2\/media\/1553"}],"wp:attachment":[{"href":"https:\/\/blogs.udima.es\/administracion-y-direccion-de-empresas\/wp-json\/wp\/v2\/media?parent=868"}],"wp:term":[{"taxonomy":"category","embeddable":true,"href":"https:\/\/blogs.udima.es\/administracion-y-direccion-de-empresas\/wp-json\/wp\/v2\/categories?post=868"},{"taxonomy":"post_tag","embeddable":true,"href":"https:\/\/blogs.udima.es\/administracion-y-direccion-de-empresas\/wp-json\/wp\/v2\/tags?post=868"}],"curies":[{"name":"wp","href":"https:\/\/api.w.org\/{rel}","templated":true}]}}