{"id":809,"date":"2012-04-25T09:54:19","date_gmt":"2012-04-25T09:54:19","guid":{"rendered":"http:\/\/www.adeudima.com\/?p=809"},"modified":"2016-01-20T11:40:19","modified_gmt":"2016-01-20T11:40:19","slug":"la-marca-espana-espana-esta-mal-vendida","status":"publish","type":"post","link":"https:\/\/blogs.udima.es\/administracion-y-direccion-de-empresas\/la-marca-espana-espana-esta-mal-vendida\/","title":{"rendered":"La Marca Espa\u00f1a: Espa\u00f1a est\u00e1 mal vendida"},"content":{"rendered":"<p>A ra\u00edz de un art\u00edculo de <em>Ra\u00fal Peralba<\/em> autor de \u00abEl posicionamiento de la marca Espa\u00f1a\u00bb , me llam\u00f3 la atenci\u00f3n la afirmaci\u00f3n, y yo estoy totalmente de acuerdo, de que Espa\u00f1a se comunica muy mal: primero a nivel entre empresas luego a nivel Gobierno-Sociedad y por \u00faltimo a nivel internacional. Cuando visitamos otros pa\u00edses como Reino Unido, Estados Unidos, Francia y Alemania vemos que se venden de una manera asombrosa. Es a nivel internacional lo que m\u00e1s me preocupa pero creo que no soy yo s\u00f3lo el que parece estar preocupado sino que casi todos los ciudadanos se alteran que por ejemplo la prima de todos, la famosa prima de riesgo est\u00e9 a 400 puntos, superando ya a Italia que tiene una deuda mayor que la nuestra pero debe de tener una mejor imagen proyectada en el exterior.<\/p>\n<p>El gran problema de que los mercados internacionales no se f\u00eden de nosotros no es otro que una cuesti\u00f3n de dinero, cuanto menos se f\u00eden menos deuda nos comprar\u00e1n; nos saldr\u00e1 m\u00e1s caro a los espa\u00f1oles endeudarnos y dinero que se pierde para otros menesteres que fomente la productividad de las empresas espa\u00f1olas, perdiendo riqueza, empleo etc. Tambi\u00e9n es verdad que hemos disfrutado un periodo de relativa calma en cuanto a la financiaci\u00f3n se refiere cuando el Banco Central Europeo propuso y ofreci\u00f3 oferta dineraria del que parece ser que s\u00f3lo Espa\u00f1a tuvo que aprovechar.<\/p>\n<p>Y yo me pregunto, pero \u00bftan mal estamos los espa\u00f1oles?, si hacemos un ejercicio de extrapolaci\u00f3n con el mundo deportivo podr\u00edamos llegar a una conclusi\u00f3n muy parecida, Espa\u00f1a siempre que iba a las citas internacionales en cualquier modalidad deportiva iba con complejo: de que si somos bajitos, de que si no hay dinero para material, de que si no tenemos lobby deportivo etc&#8230; de repente en una d\u00e9cada nos hemos plantado en campeonatos del mundo de: automovilismo, baloncesto, f\u00fatbol, f\u00fatbol sala, tenis, vela, gimnasia, balonmano, waterpolo y un sin fin de \u00e9xitos deportivos a nivel individual y colectivo sin precedentes, y se preguntar\u00e1n \u00bfc\u00f3mo \u00e9ramos tan malos antes y ahora somos tan buenos?.<\/p>\n<p>Por tanto si hacemos acopio de informaci\u00f3n respecto a los indicadores econ\u00f3micos propiamente dicho haciendo un test a las empresas del pa\u00eds nos podemos llevar una grata impresi\u00f3n de que igual no estamos tan mal, que nuestra tecnolog\u00eda es igual o mejor que la alemana en algunos sectores, que somos una de las mejores ingenier\u00edas del mundo, que tenemos los mejores equipos de investigaci\u00f3n sanitarios, que aunque la Universidad espa\u00f1ola tenga algunos aspectos que mejorar tengamos nuestros licenciados mejor cotizados, tenemos 5 escuelas de negocio en los r\u00e1nkings mundiales, estando 3 de ellas en el top 10 y no hablemos de nuestra industria alimentaria y turismo punta de lanza hist\u00f3rica de nuestra proyecci\u00f3n al exterior.<\/p>\n<p>Espa\u00f1a es uno de las grandes potencias de Europa y el mundo tanto hist\u00f3ricamente como actualmente y no lo parece: algunos pa\u00edses utilizan nuestra imagen para mejorar la suya propia, no somos Grecia, Irlanda, ni Italia y Portugal. Espa\u00f1a hasta hace poco era la octava potencia mundial, actualmente estamos en el puesto 11 o 12 en el ranking mundial.<\/p>\n<p>Volviendo a a nuestras empresas y la producci\u00f3n de bienes y servicios os animo a que coment\u00e9is estad\u00edsticas y n\u00fameros sobre la posici\u00f3n de Espa\u00f1a en el mundo que la gran mayor\u00eda de las personas de este pa\u00eds desconocen:<\/p>\n<ul>\n<li>Somos uno de los principales pa\u00edses productores de coches, barcos, trenes y aviones.<\/li>\n<li>Somos el sexto inversor internacional, en numerosos pa\u00edses somos el primer inversor extranjero am\u00e9n de nuestra generosa ayuda a la cooperaci\u00f3n.<\/li>\n<li>El primer pa\u00eds productor de aceite y vino conjuntamente.<\/li>\n<li>El quinto pa\u00eds exportador de\u00a0 servicios.<\/li>\n<li>Primer destino tur\u00edstico preferido por los europeos.<\/li>\n<li>Primer pa\u00eds productor de biocombustibles.<\/li>\n<li>Primer pa\u00eds gestor internacional de infraestructuras.<\/li>\n<li>Tercer destino internacional en n\u00famero de visitantes.<\/li>\n<\/ul>\n<p>Y sin entrar en datos estad\u00edsticos somos la huerta de Europa, principal productor agroalimentario europeo, tenemos las principales constructoras mundiales de infraestructuras y concesiones, Espa\u00f1a es puntera en tecnolog\u00eda renovable y eficiencia energ\u00e9tica, gesti\u00f3n de infraestructuras, gesti\u00f3n del agua, proveedor de servicios TIC y muchos m\u00e1s bienes y servicios.<\/p>\n<p>Dejemos a un lado nuestras diferencias pol\u00edticas, regionales, ling\u00fc\u00edsticas y unamos las fuerzas\u00a0 para comunicar lo que somos ,y mejor si cabe, para que nos creamos lo que somos y podamos convencer al resto del mundo ya que nadie, absolutamente nadie, nos va a sacar de \u00e9sto mas que nosotros mismos.<\/p>\n","protected":false},"excerpt":{"rendered":"<p>A ra\u00edz de un art\u00edculo de Ra\u00fal Peralba autor de \u00abEl posicionamiento de la marca Espa\u00f1a\u00bb , me llam\u00f3 la atenci\u00f3n la afirmaci\u00f3n, y yo estoy totalmente de acuerdo, de que Espa\u00f1a se comunica muy mal: primero a nivel entre empresas luego a nivel Gobierno-Sociedad y por \u00faltimo a nivel internacional. Cuando visitamos otros pa\u00edses [&hellip;]<\/p>\n","protected":false},"author":15,"featured_media":0,"comment_status":"open","ping_status":"open","sticky":false,"template":"","format":"standard","meta":{"footnotes":""},"categories":[1],"tags":[],"yoast_head":"<!-- This site is optimized with the Yoast SEO plugin v22.9 - https:\/\/yoast.com\/wordpress\/plugins\/seo\/ -->\n<title>La Marca Espa\u00f1a: Espa\u00f1a est\u00e1 mal vendida - Blog de ADE<\/title>\n<meta name=\"robots\" content=\"index, follow, max-snippet:-1, max-image-preview:large, max-video-preview:-1\" \/>\n<link rel=\"canonical\" href=\"https:\/\/blogs.udima.es\/administracion-y-direccion-de-empresas\/la-marca-espana-espana-esta-mal-vendida\/\" \/>\n<meta property=\"og:locale\" content=\"es_ES\" \/>\n<meta property=\"og:type\" content=\"article\" \/>\n<meta property=\"og:title\" content=\"La Marca Espa\u00f1a: Espa\u00f1a est\u00e1 mal vendida - Blog de ADE\" \/>\n<meta property=\"og:description\" content=\"A ra\u00edz de un art\u00edculo de Ra\u00fal Peralba autor de \u00abEl posicionamiento de la marca Espa\u00f1a\u00bb , me llam\u00f3 la atenci\u00f3n la afirmaci\u00f3n, y yo estoy totalmente de acuerdo, de que Espa\u00f1a se comunica muy mal: primero a nivel entre empresas luego a nivel Gobierno-Sociedad y por \u00faltimo a nivel internacional. Cuando visitamos otros pa\u00edses [&hellip;]\" \/>\n<meta property=\"og:url\" content=\"https:\/\/blogs.udima.es\/administracion-y-direccion-de-empresas\/la-marca-espana-espana-esta-mal-vendida\/\" \/>\n<meta property=\"og:site_name\" content=\"Blog de ADE - Universidad a Distancia de Madrid | UDIMA\" \/>\n<meta property=\"article:published_time\" content=\"2012-04-25T09:54:19+00:00\" \/>\n<meta property=\"article:modified_time\" content=\"2016-01-20T11:40:19+00:00\" \/>\n<meta name=\"author\" content=\"Javier Briones\" \/>\n<meta name=\"twitter:card\" content=\"summary_large_image\" \/>\n<meta name=\"twitter:creator\" content=\"@https:\/\/twitter.com\/javierbrionesor\" \/>\n<meta name=\"twitter:label1\" content=\"Escrito por\" \/>\n\t<meta name=\"twitter:data1\" content=\"Javier Briones\" \/>\n\t<meta name=\"twitter:label2\" content=\"Tiempo de lectura\" \/>\n\t<meta name=\"twitter:data2\" content=\"4 minutos\" \/>\n<script type=\"application\/ld+json\" class=\"yoast-schema-graph\">{\"@context\":\"https:\/\/schema.org\",\"@graph\":[{\"@type\":\"WebPage\",\"@id\":\"https:\/\/blogs.udima.es\/administracion-y-direccion-de-empresas\/la-marca-espana-espana-esta-mal-vendida\/\",\"url\":\"https:\/\/blogs.udima.es\/administracion-y-direccion-de-empresas\/la-marca-espana-espana-esta-mal-vendida\/\",\"name\":\"La Marca Espa\u00f1a: Espa\u00f1a est\u00e1 mal vendida - Blog de ADE\",\"isPartOf\":{\"@id\":\"https:\/\/blogs.udima.es\/administracion-y-direccion-de-empresas\/#website\"},\"datePublished\":\"2012-04-25T09:54:19+00:00\",\"dateModified\":\"2016-01-20T11:40:19+00:00\",\"author\":{\"@id\":\"https:\/\/blogs.udima.es\/administracion-y-direccion-de-empresas\/#\/schema\/person\/977a49f6a014d475839719798133d4d8\"},\"breadcrumb\":{\"@id\":\"https:\/\/blogs.udima.es\/administracion-y-direccion-de-empresas\/la-marca-espana-espana-esta-mal-vendida\/#breadcrumb\"},\"inLanguage\":\"es\",\"potentialAction\":[{\"@type\":\"ReadAction\",\"target\":[\"https:\/\/blogs.udima.es\/administracion-y-direccion-de-empresas\/la-marca-espana-espana-esta-mal-vendida\/\"]}]},{\"@type\":\"BreadcrumbList\",\"@id\":\"https:\/\/blogs.udima.es\/administracion-y-direccion-de-empresas\/la-marca-espana-espana-esta-mal-vendida\/#breadcrumb\",\"itemListElement\":[{\"@type\":\"ListItem\",\"position\":1,\"name\":\"Portada\",\"item\":\"https:\/\/blogs.udima.es\/administracion-y-direccion-de-empresas\/\"},{\"@type\":\"ListItem\",\"position\":2,\"name\":\"La Marca Espa\u00f1a: Espa\u00f1a est\u00e1 mal vendida\"}]},{\"@type\":\"WebSite\",\"@id\":\"https:\/\/blogs.udima.es\/administracion-y-direccion-de-empresas\/#website\",\"url\":\"https:\/\/blogs.udima.es\/administracion-y-direccion-de-empresas\/\",\"name\":\"Blog de ADE - Universidad a Distancia de Madrid | UDIMA\",\"description\":\"\",\"potentialAction\":[{\"@type\":\"SearchAction\",\"target\":{\"@type\":\"EntryPoint\",\"urlTemplate\":\"https:\/\/blogs.udima.es\/administracion-y-direccion-de-empresas\/?s={search_term_string}\"},\"query-input\":\"required name=search_term_string\"}],\"inLanguage\":\"es\"},{\"@type\":\"Person\",\"@id\":\"https:\/\/blogs.udima.es\/administracion-y-direccion-de-empresas\/#\/schema\/person\/977a49f6a014d475839719798133d4d8\",\"name\":\"Javier Briones\",\"image\":{\"@type\":\"ImageObject\",\"inLanguage\":\"es\",\"@id\":\"https:\/\/blogs.udima.es\/administracion-y-direccion-de-empresas\/#\/schema\/person\/image\/\",\"url\":\"https:\/\/secure.gravatar.com\/avatar\/3285ed16bd15b11761261e0928f5180b?s=96&d=mm&r=g\",\"contentUrl\":\"https:\/\/secure.gravatar.com\/avatar\/3285ed16bd15b11761261e0928f5180b?s=96&d=mm&r=g\",\"caption\":\"Javier Briones\"},\"description\":\"Profesor de auditor\u00eda de cuentas en la Universidad a Distancia de Madrid, UDIMA. Economista, Ingeniero Industrial y Auditor de Cuentas ROAC. Ver Perfil\",\"sameAs\":[\"https:\/\/www.linkedin.com\/in\/javier-briones-ortega-266b7533\",\"https:\/\/x.com\/https:\/\/twitter.com\/javierbrionesor\"],\"url\":\"https:\/\/blogs.udima.es\/administracion-y-direccion-de-empresas\/author\/javier-briones\/\"}]}<\/script>\n<!-- \/ Yoast SEO plugin. -->","yoast_head_json":{"title":"La Marca Espa\u00f1a: Espa\u00f1a est\u00e1 mal vendida - Blog de ADE","robots":{"index":"index","follow":"follow","max-snippet":"max-snippet:-1","max-image-preview":"max-image-preview:large","max-video-preview":"max-video-preview:-1"},"canonical":"https:\/\/blogs.udima.es\/administracion-y-direccion-de-empresas\/la-marca-espana-espana-esta-mal-vendida\/","og_locale":"es_ES","og_type":"article","og_title":"La Marca Espa\u00f1a: Espa\u00f1a est\u00e1 mal vendida - Blog de ADE","og_description":"A ra\u00edz de un art\u00edculo de Ra\u00fal Peralba autor de \u00abEl posicionamiento de la marca Espa\u00f1a\u00bb , me llam\u00f3 la atenci\u00f3n la afirmaci\u00f3n, y yo estoy totalmente de acuerdo, de que Espa\u00f1a se comunica muy mal: primero a nivel entre empresas luego a nivel Gobierno-Sociedad y por \u00faltimo a nivel internacional. Cuando visitamos otros pa\u00edses [&hellip;]","og_url":"https:\/\/blogs.udima.es\/administracion-y-direccion-de-empresas\/la-marca-espana-espana-esta-mal-vendida\/","og_site_name":"Blog de ADE - Universidad a Distancia de Madrid | UDIMA","article_published_time":"2012-04-25T09:54:19+00:00","article_modified_time":"2016-01-20T11:40:19+00:00","author":"Javier Briones","twitter_card":"summary_large_image","twitter_creator":"@https:\/\/twitter.com\/javierbrionesor","twitter_misc":{"Escrito por":"Javier Briones","Tiempo de lectura":"4 minutos"},"schema":{"@context":"https:\/\/schema.org","@graph":[{"@type":"WebPage","@id":"https:\/\/blogs.udima.es\/administracion-y-direccion-de-empresas\/la-marca-espana-espana-esta-mal-vendida\/","url":"https:\/\/blogs.udima.es\/administracion-y-direccion-de-empresas\/la-marca-espana-espana-esta-mal-vendida\/","name":"La Marca Espa\u00f1a: Espa\u00f1a est\u00e1 mal vendida - Blog de ADE","isPartOf":{"@id":"https:\/\/blogs.udima.es\/administracion-y-direccion-de-empresas\/#website"},"datePublished":"2012-04-25T09:54:19+00:00","dateModified":"2016-01-20T11:40:19+00:00","author":{"@id":"https:\/\/blogs.udima.es\/administracion-y-direccion-de-empresas\/#\/schema\/person\/977a49f6a014d475839719798133d4d8"},"breadcrumb":{"@id":"https:\/\/blogs.udima.es\/administracion-y-direccion-de-empresas\/la-marca-espana-espana-esta-mal-vendida\/#breadcrumb"},"inLanguage":"es","potentialAction":[{"@type":"ReadAction","target":["https:\/\/blogs.udima.es\/administracion-y-direccion-de-empresas\/la-marca-espana-espana-esta-mal-vendida\/"]}]},{"@type":"BreadcrumbList","@id":"https:\/\/blogs.udima.es\/administracion-y-direccion-de-empresas\/la-marca-espana-espana-esta-mal-vendida\/#breadcrumb","itemListElement":[{"@type":"ListItem","position":1,"name":"Portada","item":"https:\/\/blogs.udima.es\/administracion-y-direccion-de-empresas\/"},{"@type":"ListItem","position":2,"name":"La Marca Espa\u00f1a: Espa\u00f1a est\u00e1 mal vendida"}]},{"@type":"WebSite","@id":"https:\/\/blogs.udima.es\/administracion-y-direccion-de-empresas\/#website","url":"https:\/\/blogs.udima.es\/administracion-y-direccion-de-empresas\/","name":"Blog de ADE - Universidad a Distancia de Madrid | UDIMA","description":"","potentialAction":[{"@type":"SearchAction","target":{"@type":"EntryPoint","urlTemplate":"https:\/\/blogs.udima.es\/administracion-y-direccion-de-empresas\/?s={search_term_string}"},"query-input":"required name=search_term_string"}],"inLanguage":"es"},{"@type":"Person","@id":"https:\/\/blogs.udima.es\/administracion-y-direccion-de-empresas\/#\/schema\/person\/977a49f6a014d475839719798133d4d8","name":"Javier Briones","image":{"@type":"ImageObject","inLanguage":"es","@id":"https:\/\/blogs.udima.es\/administracion-y-direccion-de-empresas\/#\/schema\/person\/image\/","url":"https:\/\/secure.gravatar.com\/avatar\/3285ed16bd15b11761261e0928f5180b?s=96&d=mm&r=g","contentUrl":"https:\/\/secure.gravatar.com\/avatar\/3285ed16bd15b11761261e0928f5180b?s=96&d=mm&r=g","caption":"Javier Briones"},"description":"Profesor de auditor\u00eda de cuentas en la Universidad a Distancia de Madrid, UDIMA. Economista, Ingeniero Industrial y Auditor de Cuentas ROAC. Ver Perfil","sameAs":["https:\/\/www.linkedin.com\/in\/javier-briones-ortega-266b7533","https:\/\/x.com\/https:\/\/twitter.com\/javierbrionesor"],"url":"https:\/\/blogs.udima.es\/administracion-y-direccion-de-empresas\/author\/javier-briones\/"}]}},"_links":{"self":[{"href":"https:\/\/blogs.udima.es\/administracion-y-direccion-de-empresas\/wp-json\/wp\/v2\/posts\/809"}],"collection":[{"href":"https:\/\/blogs.udima.es\/administracion-y-direccion-de-empresas\/wp-json\/wp\/v2\/posts"}],"about":[{"href":"https:\/\/blogs.udima.es\/administracion-y-direccion-de-empresas\/wp-json\/wp\/v2\/types\/post"}],"author":[{"embeddable":true,"href":"https:\/\/blogs.udima.es\/administracion-y-direccion-de-empresas\/wp-json\/wp\/v2\/users\/15"}],"replies":[{"embeddable":true,"href":"https:\/\/blogs.udima.es\/administracion-y-direccion-de-empresas\/wp-json\/wp\/v2\/comments?post=809"}],"version-history":[{"count":1,"href":"https:\/\/blogs.udima.es\/administracion-y-direccion-de-empresas\/wp-json\/wp\/v2\/posts\/809\/revisions"}],"predecessor-version":[{"id":1328,"href":"https:\/\/blogs.udima.es\/administracion-y-direccion-de-empresas\/wp-json\/wp\/v2\/posts\/809\/revisions\/1328"}],"wp:attachment":[{"href":"https:\/\/blogs.udima.es\/administracion-y-direccion-de-empresas\/wp-json\/wp\/v2\/media?parent=809"}],"wp:term":[{"taxonomy":"category","embeddable":true,"href":"https:\/\/blogs.udima.es\/administracion-y-direccion-de-empresas\/wp-json\/wp\/v2\/categories?post=809"},{"taxonomy":"post_tag","embeddable":true,"href":"https:\/\/blogs.udima.es\/administracion-y-direccion-de-empresas\/wp-json\/wp\/v2\/tags?post=809"}],"curies":[{"name":"wp","href":"https:\/\/api.w.org\/{rel}","templated":true}]}}