{"id":807,"date":"2012-04-24T17:12:11","date_gmt":"2012-04-24T17:12:11","guid":{"rendered":"http:\/\/www.adeudima.com\/?p=807"},"modified":"2016-01-20T11:40:19","modified_gmt":"2016-01-20T11:40:19","slug":"el-presente-y-futuro-de-las-energias-renovables-y-la-eficiencia-energetica-a-debate-en-genera-2012","status":"publish","type":"post","link":"https:\/\/blogs.udima.es\/administracion-y-direccion-de-empresas\/el-presente-y-futuro-de-las-energias-renovables-y-la-eficiencia-energetica-a-debate-en-genera-2012\/","title":{"rendered":"El presente y futuro de las energ\u00edas renovables y la eficiencia energ\u00e9tica a debate en GENERA 2012"},"content":{"rendered":"<h3><strong>Con una veintena de sesiones a lo largo de los 3  d\u00edas de feria, las Jornadas T\u00e9cnicas de Genera abordan las \u00faltimas  acciones y propuestas en materia de eficiencia energ\u00e9tica y energ\u00edas  renovables<\/p>\n<p>Generaci\u00f3n Distribuida y Autoconsumo y Edificios de  Consumo Energ\u00e9tico Casi Nulo ser\u00e1n algunos de los grandes temas que  protagonizan las Jornadas T\u00e9cnicas este a\u00f1o<\/p>\n<p>La decimoquinta  edici\u00f3n de GENERA, que organiza IFEMA y promueve el Instituto para la  Diversificaci\u00f3n y Ahorro de la Energ\u00eda (IDAE) se celebrar\u00e1 entre los  d\u00edas 23 al 25 de mayo en Feria de Madrid. GENERA 2012 reunir\u00e1 a las  empresas y profesionales del sector de las energ\u00edas renovables y la  eficiencia energ\u00e9tica en su gran evento anual, compuesto de Exposici\u00f3n y  Jornadas T\u00e9cnicas.<\/strong><\/h3>\n<p><img decoding=\"async\" src=\"http:\/\/www.ifema.es\/PresentacionInet\/groups\/public\/documents\/imagen\/if_034340.jpg\" alt=\"Noticia Prensa IFEMA G\" \/><\/p>\n<p>Presente y futuro de las energ\u00edas renovables y la eficiencia energ\u00e9tica<\/p>\n<p>En  el marco de GENERA se desarrollar\u00e1 un completo programa de\u00a0 Jornadas  T\u00e9cnicas que\u00a0 ofrecer\u00e1 una amplia visi\u00f3n\u00a0 de la actualidad y las  perspectivas de este sector. Durante el primer d\u00eda de feria \u2013mi\u00e9rcoles  23 de mayo- se celebrar\u00e1n adem\u00e1s de la Jornada sobre Generaci\u00f3n  Distribuida y Autoconsumo, tres sesiones sobre cogeneraci\u00f3n,  biocarburantes y geotermia, respectivamente. Tambi\u00e9n el d\u00eda 23,  arrancar\u00e1 un programa de ponencias, que tendr\u00e1 continuidad durante la  jornada del 24 de mayo, y que versar\u00e1 sobre Bioenerg\u00eda y Tratamiento  Energ\u00e9tico de Residuos.<\/p>\n<p>El 24 de mayo por la ma\u00f1ana se celebrar\u00e1n  el VI Congreso de Energ\u00eda Solar T\u00e9rmica, la Jornada sobre Edificios de  Consumo Energ\u00e9tico Casi Nulo, la conferencia de t\u00edtulo El Papel de la  E\u00f3lica en el Autoconsumo, y la sesi\u00f3n sobre La Financiaci\u00f3n y el Cambio  Clim\u00e1tico en el \u00c1mbito Internacional, adem\u00e1s de una conferencia sobre  biomasa. Por la tarde se desarrollar\u00e1n diversas sesiones sobre centrales  termosolares; inspecciones de instalaciones de climatizaci\u00f3n-ACS y  certificaci\u00f3n energ\u00e9tica de edificios existentes; energ\u00eda e\u00f3lica;\u00a0  tecnolog\u00edas de hidr\u00f3geno y de las pilas de combustible; ahorros en redes  de distrito y energ\u00eda marina, respectivamente.<\/p>\n<p>El \u00faltimo d\u00eda de  feria, 25 de mayo,\u00a0 se debatir\u00e1 sobre el presente y el futuro de los  servicios energ\u00e9ticos en el \u00e1mbito municipal.<\/p>\n<p>Las ponencias y  presentaciones correr\u00e1n a cargo de distintas entidades representativas  del sector: ACOGEN-COGEN (Asociaci\u00f3n Espa\u00f1ola de Cogeneraci\u00f3n); ADHAC  (Asociaci\u00f3n de Redes de Calor y Fr\u00edo); AEE (Asociaci\u00f3n Empresarial  E\u00f3lica); AEH\u2082 &#8211; PTE HPC(Asociaci\u00f3n Espa\u00f1ola de Hidr\u00f3geno-Plataforma  Espa\u00f1ola de Hidr\u00f3geno y Pilas de Combustible); AMI (Asociaci\u00f3n de  Empresas de Mantenimiento Integral y Servicios Energ\u00e9ticos); APPA  (Asociaci\u00f3n de Productores de Energ\u00edas Renovables); ATECYR (Asociaci\u00f3n  T\u00e9rmica Espa\u00f1ola de Climatizaci\u00f3n y Refrigeraci\u00f3n), ATEGRUS (Asociaci\u00f3n  T\u00e9cnica para la Gesti\u00f3n de Residuos y Medio Ambiente); ASIT (Asociaci\u00f3n  Solar de la Industria T\u00e9rmica); CIEMAT PROTERMOSOLAR (Centro de  Investigaciones Energ\u00e9ticas, Medioambientales y Tecnol\u00f3gicas; IDAE  (Instituto para la Diversificaci\u00f3n y Ahorro de la Energ\u00eda); OECC  (Oficina Espa\u00f1ola del Cambio Clim\u00e1tico), y UNEF (Uni\u00f3n Espa\u00f1ola  Fotovoltaica).<\/p>\n<p>Foro GENERA\u00a0 y la Galer\u00eda de Innovaci\u00f3n<\/p>\n<p>Como  es habitual,\u00a0 las novedades de las empresas y la innovaci\u00f3n\u00a0 sectorial  ocupar\u00e1n lugares destacados en el marco de GENERA. Por un lado, con la  celebraci\u00f3n de Foro GENERA, el programa de breves ponencias que realizan  algunas de las empresas participantes en el sal\u00f3n, para presentar sus\u00a0  productos y soluciones m\u00e1s destacadas. Por otro con La Galer\u00eda de  Innovaci\u00f3n, el\u00a0 escaparate para el I+D+i\u00a0 que mostrar\u00e1 un conjunto de  proyectos seleccionados por un jurado de expertos y destacar\u00e1 las l\u00edneas  de avance en la vanguardia del\u00a0 sector.<\/p>\n<p>Los profesionales del  sector de la energ\u00eda podr\u00e1n acceder a todas estas propuestas de GENERA  entre el 23 y el 25 de mayo, en horario ininterrumpido de 10.00 a 19.00  horas.<\/p>\n","protected":false},"excerpt":{"rendered":"<p>Con una veintena de sesiones a lo largo de los 3 d\u00edas de feria, las Jornadas T\u00e9cnicas de Genera abordan las \u00faltimas acciones y propuestas en materia de eficiencia energ\u00e9tica y energ\u00edas renovables Generaci\u00f3n Distribuida y Autoconsumo y Edificios de Consumo Energ\u00e9tico Casi Nulo ser\u00e1n algunos de los grandes temas que protagonizan las Jornadas T\u00e9cnicas [&hellip;]<\/p>\n","protected":false},"author":15,"featured_media":0,"comment_status":"open","ping_status":"open","sticky":false,"template":"","format":"standard","meta":{"footnotes":""},"categories":[1],"tags":[],"yoast_head":"<!-- This site is optimized with the Yoast SEO plugin v22.9 - https:\/\/yoast.com\/wordpress\/plugins\/seo\/ -->\n<title>El presente y futuro de las energ\u00edas renovables y la eficiencia energ\u00e9tica a debate en GENERA 2012 - Blog de ADE<\/title>\n<meta name=\"robots\" content=\"index, follow, max-snippet:-1, max-image-preview:large, max-video-preview:-1\" \/>\n<link rel=\"canonical\" href=\"https:\/\/blogs.udima.es\/administracion-y-direccion-de-empresas\/el-presente-y-futuro-de-las-energias-renovables-y-la-eficiencia-energetica-a-debate-en-genera-2012\/\" \/>\n<meta property=\"og:locale\" content=\"es_ES\" \/>\n<meta property=\"og:type\" content=\"article\" \/>\n<meta property=\"og:title\" content=\"El presente y futuro de las energ\u00edas renovables y la eficiencia energ\u00e9tica a debate en GENERA 2012 - Blog de ADE\" \/>\n<meta property=\"og:description\" content=\"Con una veintena de sesiones a lo largo de los 3 d\u00edas de feria, las Jornadas T\u00e9cnicas de Genera abordan las \u00faltimas acciones y propuestas en materia de eficiencia energ\u00e9tica y energ\u00edas renovables Generaci\u00f3n Distribuida y Autoconsumo y Edificios de Consumo Energ\u00e9tico Casi Nulo ser\u00e1n algunos de los grandes temas que protagonizan las Jornadas T\u00e9cnicas [&hellip;]\" \/>\n<meta property=\"og:url\" content=\"https:\/\/blogs.udima.es\/administracion-y-direccion-de-empresas\/el-presente-y-futuro-de-las-energias-renovables-y-la-eficiencia-energetica-a-debate-en-genera-2012\/\" \/>\n<meta property=\"og:site_name\" content=\"Blog de ADE - Universidad a Distancia de Madrid | UDIMA\" \/>\n<meta property=\"article:published_time\" content=\"2012-04-24T17:12:11+00:00\" \/>\n<meta property=\"article:modified_time\" content=\"2016-01-20T11:40:19+00:00\" \/>\n<meta property=\"og:image\" content=\"http:\/\/www.ifema.es\/PresentacionInet\/groups\/public\/documents\/imagen\/if_034340.jpg\" \/>\n<meta name=\"author\" content=\"Javier Briones\" \/>\n<meta name=\"twitter:card\" content=\"summary_large_image\" \/>\n<meta name=\"twitter:creator\" content=\"@https:\/\/twitter.com\/javierbrionesor\" \/>\n<meta name=\"twitter:label1\" content=\"Escrito por\" \/>\n\t<meta name=\"twitter:data1\" content=\"Javier Briones\" \/>\n\t<meta name=\"twitter:label2\" content=\"Tiempo de lectura\" \/>\n\t<meta name=\"twitter:data2\" content=\"3 minutos\" \/>\n<script type=\"application\/ld+json\" class=\"yoast-schema-graph\">{\"@context\":\"https:\/\/schema.org\",\"@graph\":[{\"@type\":\"WebPage\",\"@id\":\"https:\/\/blogs.udima.es\/administracion-y-direccion-de-empresas\/el-presente-y-futuro-de-las-energias-renovables-y-la-eficiencia-energetica-a-debate-en-genera-2012\/\",\"url\":\"https:\/\/blogs.udima.es\/administracion-y-direccion-de-empresas\/el-presente-y-futuro-de-las-energias-renovables-y-la-eficiencia-energetica-a-debate-en-genera-2012\/\",\"name\":\"El presente y futuro de las energ\u00edas renovables y la eficiencia energ\u00e9tica a debate en GENERA 2012 - Blog de ADE\",\"isPartOf\":{\"@id\":\"https:\/\/blogs.udima.es\/administracion-y-direccion-de-empresas\/#website\"},\"primaryImageOfPage\":{\"@id\":\"https:\/\/blogs.udima.es\/administracion-y-direccion-de-empresas\/el-presente-y-futuro-de-las-energias-renovables-y-la-eficiencia-energetica-a-debate-en-genera-2012\/#primaryimage\"},\"image\":{\"@id\":\"https:\/\/blogs.udima.es\/administracion-y-direccion-de-empresas\/el-presente-y-futuro-de-las-energias-renovables-y-la-eficiencia-energetica-a-debate-en-genera-2012\/#primaryimage\"},\"thumbnailUrl\":\"http:\/\/www.ifema.es\/PresentacionInet\/groups\/public\/documents\/imagen\/if_034340.jpg\",\"datePublished\":\"2012-04-24T17:12:11+00:00\",\"dateModified\":\"2016-01-20T11:40:19+00:00\",\"author\":{\"@id\":\"https:\/\/blogs.udima.es\/administracion-y-direccion-de-empresas\/#\/schema\/person\/977a49f6a014d475839719798133d4d8\"},\"breadcrumb\":{\"@id\":\"https:\/\/blogs.udima.es\/administracion-y-direccion-de-empresas\/el-presente-y-futuro-de-las-energias-renovables-y-la-eficiencia-energetica-a-debate-en-genera-2012\/#breadcrumb\"},\"inLanguage\":\"es\",\"potentialAction\":[{\"@type\":\"ReadAction\",\"target\":[\"https:\/\/blogs.udima.es\/administracion-y-direccion-de-empresas\/el-presente-y-futuro-de-las-energias-renovables-y-la-eficiencia-energetica-a-debate-en-genera-2012\/\"]}]},{\"@type\":\"ImageObject\",\"inLanguage\":\"es\",\"@id\":\"https:\/\/blogs.udima.es\/administracion-y-direccion-de-empresas\/el-presente-y-futuro-de-las-energias-renovables-y-la-eficiencia-energetica-a-debate-en-genera-2012\/#primaryimage\",\"url\":\"http:\/\/www.ifema.es\/PresentacionInet\/groups\/public\/documents\/imagen\/if_034340.jpg\",\"contentUrl\":\"http:\/\/www.ifema.es\/PresentacionInet\/groups\/public\/documents\/imagen\/if_034340.jpg\"},{\"@type\":\"BreadcrumbList\",\"@id\":\"https:\/\/blogs.udima.es\/administracion-y-direccion-de-empresas\/el-presente-y-futuro-de-las-energias-renovables-y-la-eficiencia-energetica-a-debate-en-genera-2012\/#breadcrumb\",\"itemListElement\":[{\"@type\":\"ListItem\",\"position\":1,\"name\":\"Portada\",\"item\":\"https:\/\/blogs.udima.es\/administracion-y-direccion-de-empresas\/\"},{\"@type\":\"ListItem\",\"position\":2,\"name\":\"El presente y futuro de las energ\u00edas renovables y la eficiencia energ\u00e9tica a debate en GENERA 2012\"}]},{\"@type\":\"WebSite\",\"@id\":\"https:\/\/blogs.udima.es\/administracion-y-direccion-de-empresas\/#website\",\"url\":\"https:\/\/blogs.udima.es\/administracion-y-direccion-de-empresas\/\",\"name\":\"Blog de ADE - Universidad a Distancia de Madrid | UDIMA\",\"description\":\"\",\"potentialAction\":[{\"@type\":\"SearchAction\",\"target\":{\"@type\":\"EntryPoint\",\"urlTemplate\":\"https:\/\/blogs.udima.es\/administracion-y-direccion-de-empresas\/?s={search_term_string}\"},\"query-input\":\"required name=search_term_string\"}],\"inLanguage\":\"es\"},{\"@type\":\"Person\",\"@id\":\"https:\/\/blogs.udima.es\/administracion-y-direccion-de-empresas\/#\/schema\/person\/977a49f6a014d475839719798133d4d8\",\"name\":\"Javier Briones\",\"image\":{\"@type\":\"ImageObject\",\"inLanguage\":\"es\",\"@id\":\"https:\/\/blogs.udima.es\/administracion-y-direccion-de-empresas\/#\/schema\/person\/image\/\",\"url\":\"https:\/\/secure.gravatar.com\/avatar\/3285ed16bd15b11761261e0928f5180b?s=96&d=mm&r=g\",\"contentUrl\":\"https:\/\/secure.gravatar.com\/avatar\/3285ed16bd15b11761261e0928f5180b?s=96&d=mm&r=g\",\"caption\":\"Javier Briones\"},\"description\":\"Profesor de auditor\u00eda de cuentas en la Universidad a Distancia de Madrid, UDIMA. Economista, Ingeniero Industrial y Auditor de Cuentas ROAC. Ver Perfil\",\"sameAs\":[\"https:\/\/www.linkedin.com\/in\/javier-briones-ortega-266b7533\",\"https:\/\/x.com\/https:\/\/twitter.com\/javierbrionesor\"],\"url\":\"https:\/\/blogs.udima.es\/administracion-y-direccion-de-empresas\/author\/javier-briones\/\"}]}<\/script>\n<!-- \/ Yoast SEO plugin. -->","yoast_head_json":{"title":"El presente y futuro de las energ\u00edas renovables y la eficiencia energ\u00e9tica a debate en GENERA 2012 - Blog de ADE","robots":{"index":"index","follow":"follow","max-snippet":"max-snippet:-1","max-image-preview":"max-image-preview:large","max-video-preview":"max-video-preview:-1"},"canonical":"https:\/\/blogs.udima.es\/administracion-y-direccion-de-empresas\/el-presente-y-futuro-de-las-energias-renovables-y-la-eficiencia-energetica-a-debate-en-genera-2012\/","og_locale":"es_ES","og_type":"article","og_title":"El presente y futuro de las energ\u00edas renovables y la eficiencia energ\u00e9tica a debate en GENERA 2012 - Blog de ADE","og_description":"Con una veintena de sesiones a lo largo de los 3 d\u00edas de feria, las Jornadas T\u00e9cnicas de Genera abordan las \u00faltimas acciones y propuestas en materia de eficiencia energ\u00e9tica y energ\u00edas renovables Generaci\u00f3n Distribuida y Autoconsumo y Edificios de Consumo Energ\u00e9tico Casi Nulo ser\u00e1n algunos de los grandes temas que protagonizan las Jornadas T\u00e9cnicas [&hellip;]","og_url":"https:\/\/blogs.udima.es\/administracion-y-direccion-de-empresas\/el-presente-y-futuro-de-las-energias-renovables-y-la-eficiencia-energetica-a-debate-en-genera-2012\/","og_site_name":"Blog de ADE - Universidad a Distancia de Madrid | UDIMA","article_published_time":"2012-04-24T17:12:11+00:00","article_modified_time":"2016-01-20T11:40:19+00:00","og_image":[{"url":"http:\/\/www.ifema.es\/PresentacionInet\/groups\/public\/documents\/imagen\/if_034340.jpg"}],"author":"Javier Briones","twitter_card":"summary_large_image","twitter_creator":"@https:\/\/twitter.com\/javierbrionesor","twitter_misc":{"Escrito por":"Javier Briones","Tiempo de lectura":"3 minutos"},"schema":{"@context":"https:\/\/schema.org","@graph":[{"@type":"WebPage","@id":"https:\/\/blogs.udima.es\/administracion-y-direccion-de-empresas\/el-presente-y-futuro-de-las-energias-renovables-y-la-eficiencia-energetica-a-debate-en-genera-2012\/","url":"https:\/\/blogs.udima.es\/administracion-y-direccion-de-empresas\/el-presente-y-futuro-de-las-energias-renovables-y-la-eficiencia-energetica-a-debate-en-genera-2012\/","name":"El presente y futuro de las energ\u00edas renovables y la eficiencia energ\u00e9tica a debate en GENERA 2012 - Blog de ADE","isPartOf":{"@id":"https:\/\/blogs.udima.es\/administracion-y-direccion-de-empresas\/#website"},"primaryImageOfPage":{"@id":"https:\/\/blogs.udima.es\/administracion-y-direccion-de-empresas\/el-presente-y-futuro-de-las-energias-renovables-y-la-eficiencia-energetica-a-debate-en-genera-2012\/#primaryimage"},"image":{"@id":"https:\/\/blogs.udima.es\/administracion-y-direccion-de-empresas\/el-presente-y-futuro-de-las-energias-renovables-y-la-eficiencia-energetica-a-debate-en-genera-2012\/#primaryimage"},"thumbnailUrl":"http:\/\/www.ifema.es\/PresentacionInet\/groups\/public\/documents\/imagen\/if_034340.jpg","datePublished":"2012-04-24T17:12:11+00:00","dateModified":"2016-01-20T11:40:19+00:00","author":{"@id":"https:\/\/blogs.udima.es\/administracion-y-direccion-de-empresas\/#\/schema\/person\/977a49f6a014d475839719798133d4d8"},"breadcrumb":{"@id":"https:\/\/blogs.udima.es\/administracion-y-direccion-de-empresas\/el-presente-y-futuro-de-las-energias-renovables-y-la-eficiencia-energetica-a-debate-en-genera-2012\/#breadcrumb"},"inLanguage":"es","potentialAction":[{"@type":"ReadAction","target":["https:\/\/blogs.udima.es\/administracion-y-direccion-de-empresas\/el-presente-y-futuro-de-las-energias-renovables-y-la-eficiencia-energetica-a-debate-en-genera-2012\/"]}]},{"@type":"ImageObject","inLanguage":"es","@id":"https:\/\/blogs.udima.es\/administracion-y-direccion-de-empresas\/el-presente-y-futuro-de-las-energias-renovables-y-la-eficiencia-energetica-a-debate-en-genera-2012\/#primaryimage","url":"http:\/\/www.ifema.es\/PresentacionInet\/groups\/public\/documents\/imagen\/if_034340.jpg","contentUrl":"http:\/\/www.ifema.es\/PresentacionInet\/groups\/public\/documents\/imagen\/if_034340.jpg"},{"@type":"BreadcrumbList","@id":"https:\/\/blogs.udima.es\/administracion-y-direccion-de-empresas\/el-presente-y-futuro-de-las-energias-renovables-y-la-eficiencia-energetica-a-debate-en-genera-2012\/#breadcrumb","itemListElement":[{"@type":"ListItem","position":1,"name":"Portada","item":"https:\/\/blogs.udima.es\/administracion-y-direccion-de-empresas\/"},{"@type":"ListItem","position":2,"name":"El presente y futuro de las energ\u00edas renovables y la eficiencia energ\u00e9tica a debate en GENERA 2012"}]},{"@type":"WebSite","@id":"https:\/\/blogs.udima.es\/administracion-y-direccion-de-empresas\/#website","url":"https:\/\/blogs.udima.es\/administracion-y-direccion-de-empresas\/","name":"Blog de ADE - Universidad a Distancia de Madrid | UDIMA","description":"","potentialAction":[{"@type":"SearchAction","target":{"@type":"EntryPoint","urlTemplate":"https:\/\/blogs.udima.es\/administracion-y-direccion-de-empresas\/?s={search_term_string}"},"query-input":"required name=search_term_string"}],"inLanguage":"es"},{"@type":"Person","@id":"https:\/\/blogs.udima.es\/administracion-y-direccion-de-empresas\/#\/schema\/person\/977a49f6a014d475839719798133d4d8","name":"Javier Briones","image":{"@type":"ImageObject","inLanguage":"es","@id":"https:\/\/blogs.udima.es\/administracion-y-direccion-de-empresas\/#\/schema\/person\/image\/","url":"https:\/\/secure.gravatar.com\/avatar\/3285ed16bd15b11761261e0928f5180b?s=96&d=mm&r=g","contentUrl":"https:\/\/secure.gravatar.com\/avatar\/3285ed16bd15b11761261e0928f5180b?s=96&d=mm&r=g","caption":"Javier Briones"},"description":"Profesor de auditor\u00eda de cuentas en la Universidad a Distancia de Madrid, UDIMA. Economista, Ingeniero Industrial y Auditor de Cuentas ROAC. Ver Perfil","sameAs":["https:\/\/www.linkedin.com\/in\/javier-briones-ortega-266b7533","https:\/\/x.com\/https:\/\/twitter.com\/javierbrionesor"],"url":"https:\/\/blogs.udima.es\/administracion-y-direccion-de-empresas\/author\/javier-briones\/"}]}},"_links":{"self":[{"href":"https:\/\/blogs.udima.es\/administracion-y-direccion-de-empresas\/wp-json\/wp\/v2\/posts\/807"}],"collection":[{"href":"https:\/\/blogs.udima.es\/administracion-y-direccion-de-empresas\/wp-json\/wp\/v2\/posts"}],"about":[{"href":"https:\/\/blogs.udima.es\/administracion-y-direccion-de-empresas\/wp-json\/wp\/v2\/types\/post"}],"author":[{"embeddable":true,"href":"https:\/\/blogs.udima.es\/administracion-y-direccion-de-empresas\/wp-json\/wp\/v2\/users\/15"}],"replies":[{"embeddable":true,"href":"https:\/\/blogs.udima.es\/administracion-y-direccion-de-empresas\/wp-json\/wp\/v2\/comments?post=807"}],"version-history":[{"count":1,"href":"https:\/\/blogs.udima.es\/administracion-y-direccion-de-empresas\/wp-json\/wp\/v2\/posts\/807\/revisions"}],"predecessor-version":[{"id":1329,"href":"https:\/\/blogs.udima.es\/administracion-y-direccion-de-empresas\/wp-json\/wp\/v2\/posts\/807\/revisions\/1329"}],"wp:attachment":[{"href":"https:\/\/blogs.udima.es\/administracion-y-direccion-de-empresas\/wp-json\/wp\/v2\/media?parent=807"}],"wp:term":[{"taxonomy":"category","embeddable":true,"href":"https:\/\/blogs.udima.es\/administracion-y-direccion-de-empresas\/wp-json\/wp\/v2\/categories?post=807"},{"taxonomy":"post_tag","embeddable":true,"href":"https:\/\/blogs.udima.es\/administracion-y-direccion-de-empresas\/wp-json\/wp\/v2\/tags?post=807"}],"curies":[{"name":"wp","href":"https:\/\/api.w.org\/{rel}","templated":true}]}}