{"id":804,"date":"2012-04-16T11:07:10","date_gmt":"2012-04-16T11:07:10","guid":{"rendered":"http:\/\/www.adeudima.com\/?p=804"},"modified":"2016-01-20T11:40:19","modified_gmt":"2016-01-20T11:40:19","slug":"comunicar-la-innovacion-innovar-y-competir-con-ciencia","status":"publish","type":"post","link":"https:\/\/blogs.udima.es\/administracion-y-direccion-de-empresas\/comunicar-la-innovacion-innovar-y-competir-con-ciencia\/","title":{"rendered":"\u00abComunicar la Innovaci\u00f3n: Innovar y competir con ciencia\u00bb"},"content":{"rendered":"<p>El pr\u00f3ximo 7 de mayo se celebrar\u00e1 en el C\u00edrculo de Bellas Artes, en Madrid, la jornada \u201cComunicar la Innovaci\u00f3n: innovar y competir con ciencia\u201d, cuyo objetivos son:<\/p>\n<ul>\n<li>Crear conciencia sobre un nuevo periodismo y contenidos de inter\u00e9s social alrededor de la innovaci\u00f3n.<\/li>\n<li>Dar a conocer a los medios de comunicaci\u00f3n la innovaci\u00f3n promovida  por las unidades de Transferencia Tecnol\u00f3gica en Parques Cient\u00edficos y  Oficinas de Transferencia de Resultados de Investigaci\u00f3n (OTRIs) en  Universidades y otros centros de investigaci\u00f3n.<\/li>\n<li>Llamar la atenci\u00f3n sobre la importancia de integrar en las  actividades de transferencia de tecnolog\u00eda, estrategias adecuadas de  comunicaci\u00f3n.<\/li>\n<\/ul>\n<p>El evento, enmarcado dentro de las acciones de Cultura de la  Ciencia y de la Innovaci\u00f3n de FECyT, est\u00e1 organizado por el Parque  Cient\u00edfico de la Universidad Carlos III de Madrid, y las OTRI de la  Universidad Aut\u00f3noma de Madrid, la Universidad Rey Juan Carlos, la  Universidad de Alcal\u00e1 de Henares, y la Universidad Polit\u00e9cnica de  Madrid.<\/p>\n<p>La inscripci\u00f3n es gratuita. Los enlaces para acceder al programa y al formulario de inscripci\u00f3n son, respectivamente:<\/p>\n<p><a title=\"WWE\" href=\"http:\/\/www.uc3m.es\/portal\/page\/portal\/investigacion\/parque_cientifico\/actualidad_agenda\/7_mayo_CBA_comunicar_innovacion\" target=\"_blank\" rel=\"nofollow\">http:\/\/www.uc3m.es\/portal\/page\/portal\/investigacion\/parque_cientifico\/actualidad_agenda<\/a><\/p>\n<p><a title=\"web\" href=\"http:\/\/aplicaciones.uc3m.es\/formulario\/jornadas_comunicar_innovacion\" target=\"_blank\" rel=\"nofollow\">http:\/\/aplicaciones.uc3m.es\/formulario\/jornadas_comunicar_innovacion<\/a><\/p>\n<p>Por si es de vuestro inter\u00e9s,<\/p>\n","protected":false},"excerpt":{"rendered":"<p>El pr\u00f3ximo 7 de mayo se celebrar\u00e1 en el C\u00edrculo de Bellas Artes, en Madrid, la jornada \u201cComunicar la Innovaci\u00f3n: innovar y competir con ciencia\u201d, cuyo objetivos son: Crear conciencia sobre un nuevo periodismo y contenidos de inter\u00e9s social alrededor de la innovaci\u00f3n. Dar a conocer a los medios de comunicaci\u00f3n la innovaci\u00f3n promovida por [&hellip;]<\/p>\n","protected":false},"author":8,"featured_media":0,"comment_status":"open","ping_status":"open","sticky":false,"template":"","format":"standard","meta":{"footnotes":""},"categories":[1],"tags":[],"yoast_head":"<!-- This site is optimized with the Yoast SEO plugin v22.9 - https:\/\/yoast.com\/wordpress\/plugins\/seo\/ -->\n<title>&quot;Comunicar la Innovaci\u00f3n: Innovar y competir con ciencia&quot; - Blog de ADE<\/title>\n<meta name=\"robots\" content=\"index, follow, max-snippet:-1, max-image-preview:large, max-video-preview:-1\" \/>\n<link rel=\"canonical\" href=\"https:\/\/blogs.udima.es\/administracion-y-direccion-de-empresas\/comunicar-la-innovacion-innovar-y-competir-con-ciencia\/\" \/>\n<meta property=\"og:locale\" content=\"es_ES\" \/>\n<meta property=\"og:type\" content=\"article\" \/>\n<meta property=\"og:title\" content=\"&quot;Comunicar la Innovaci\u00f3n: Innovar y competir con ciencia&quot; - Blog de ADE\" \/>\n<meta property=\"og:description\" content=\"El pr\u00f3ximo 7 de mayo se celebrar\u00e1 en el C\u00edrculo de Bellas Artes, en Madrid, la jornada \u201cComunicar la Innovaci\u00f3n: innovar y competir con ciencia\u201d, cuyo objetivos son: Crear conciencia sobre un nuevo periodismo y contenidos de inter\u00e9s social alrededor de la innovaci\u00f3n. Dar a conocer a los medios de comunicaci\u00f3n la innovaci\u00f3n promovida por [&hellip;]\" \/>\n<meta property=\"og:url\" content=\"https:\/\/blogs.udima.es\/administracion-y-direccion-de-empresas\/comunicar-la-innovacion-innovar-y-competir-con-ciencia\/\" \/>\n<meta property=\"og:site_name\" content=\"Blog de ADE - Universidad a Distancia de Madrid | UDIMA\" \/>\n<meta property=\"article:published_time\" content=\"2012-04-16T11:07:10+00:00\" \/>\n<meta property=\"article:modified_time\" content=\"2016-01-20T11:40:19+00:00\" \/>\n<meta name=\"author\" content=\"Mag\u00fci Campanario\" \/>\n<meta name=\"twitter:card\" content=\"summary_large_image\" \/>\n<meta name=\"twitter:creator\" content=\"@https:\/\/twitter.com\/CampanarioMagui\" \/>\n<meta name=\"twitter:label1\" content=\"Escrito por\" \/>\n\t<meta name=\"twitter:data1\" content=\"Mag\u00fci Campanario\" \/>\n\t<meta name=\"twitter:label2\" content=\"Tiempo de lectura\" \/>\n\t<meta name=\"twitter:data2\" content=\"1 minuto\" \/>\n<script type=\"application\/ld+json\" class=\"yoast-schema-graph\">{\"@context\":\"https:\/\/schema.org\",\"@graph\":[{\"@type\":\"WebPage\",\"@id\":\"https:\/\/blogs.udima.es\/administracion-y-direccion-de-empresas\/comunicar-la-innovacion-innovar-y-competir-con-ciencia\/\",\"url\":\"https:\/\/blogs.udima.es\/administracion-y-direccion-de-empresas\/comunicar-la-innovacion-innovar-y-competir-con-ciencia\/\",\"name\":\"\\\"Comunicar la Innovaci\u00f3n: Innovar y competir con ciencia\\\" - Blog de ADE\",\"isPartOf\":{\"@id\":\"https:\/\/blogs.udima.es\/administracion-y-direccion-de-empresas\/#website\"},\"datePublished\":\"2012-04-16T11:07:10+00:00\",\"dateModified\":\"2016-01-20T11:40:19+00:00\",\"author\":{\"@id\":\"https:\/\/blogs.udima.es\/administracion-y-direccion-de-empresas\/#\/schema\/person\/2795ebce8e8cd657bad7085488ef3bb0\"},\"breadcrumb\":{\"@id\":\"https:\/\/blogs.udima.es\/administracion-y-direccion-de-empresas\/comunicar-la-innovacion-innovar-y-competir-con-ciencia\/#breadcrumb\"},\"inLanguage\":\"es\",\"potentialAction\":[{\"@type\":\"ReadAction\",\"target\":[\"https:\/\/blogs.udima.es\/administracion-y-direccion-de-empresas\/comunicar-la-innovacion-innovar-y-competir-con-ciencia\/\"]}]},{\"@type\":\"BreadcrumbList\",\"@id\":\"https:\/\/blogs.udima.es\/administracion-y-direccion-de-empresas\/comunicar-la-innovacion-innovar-y-competir-con-ciencia\/#breadcrumb\",\"itemListElement\":[{\"@type\":\"ListItem\",\"position\":1,\"name\":\"Portada\",\"item\":\"https:\/\/blogs.udima.es\/administracion-y-direccion-de-empresas\/\"},{\"@type\":\"ListItem\",\"position\":2,\"name\":\"\u00abComunicar la Innovaci\u00f3n: Innovar y competir con ciencia\u00bb\"}]},{\"@type\":\"WebSite\",\"@id\":\"https:\/\/blogs.udima.es\/administracion-y-direccion-de-empresas\/#website\",\"url\":\"https:\/\/blogs.udima.es\/administracion-y-direccion-de-empresas\/\",\"name\":\"Blog de ADE - Universidad a Distancia de Madrid | UDIMA\",\"description\":\"\",\"potentialAction\":[{\"@type\":\"SearchAction\",\"target\":{\"@type\":\"EntryPoint\",\"urlTemplate\":\"https:\/\/blogs.udima.es\/administracion-y-direccion-de-empresas\/?s={search_term_string}\"},\"query-input\":\"required name=search_term_string\"}],\"inLanguage\":\"es\"},{\"@type\":\"Person\",\"@id\":\"https:\/\/blogs.udima.es\/administracion-y-direccion-de-empresas\/#\/schema\/person\/2795ebce8e8cd657bad7085488ef3bb0\",\"name\":\"Mag\u00fci Campanario\",\"image\":{\"@type\":\"ImageObject\",\"inLanguage\":\"es\",\"@id\":\"https:\/\/blogs.udima.es\/administracion-y-direccion-de-empresas\/#\/schema\/person\/image\/\",\"url\":\"https:\/\/secure.gravatar.com\/avatar\/ae24a2cd593e4786513c3b36401d7723?s=96&d=mm&r=g\",\"contentUrl\":\"https:\/\/secure.gravatar.com\/avatar\/ae24a2cd593e4786513c3b36401d7723?s=96&d=mm&r=g\",\"caption\":\"Mag\u00fci Campanario\"},\"description\":\"Doctora en Ciencias Econ\u00f3micas y Empresariales. Profesora de Introducci\u00f3n a la Econom\u00eda. Ver Perfil\",\"sameAs\":[\"https:\/\/es.linkedin.com\/in\/maria-luisa-campanario-hern\u00e1ndez-20159b29\",\"https:\/\/x.com\/https:\/\/twitter.com\/CampanarioMagui\"],\"url\":\"https:\/\/blogs.udima.es\/administracion-y-direccion-de-empresas\/author\/magui-campanario\/\"}]}<\/script>\n<!-- \/ Yoast SEO plugin. -->","yoast_head_json":{"title":"\"Comunicar la Innovaci\u00f3n: Innovar y competir con ciencia\" - Blog de ADE","robots":{"index":"index","follow":"follow","max-snippet":"max-snippet:-1","max-image-preview":"max-image-preview:large","max-video-preview":"max-video-preview:-1"},"canonical":"https:\/\/blogs.udima.es\/administracion-y-direccion-de-empresas\/comunicar-la-innovacion-innovar-y-competir-con-ciencia\/","og_locale":"es_ES","og_type":"article","og_title":"\"Comunicar la Innovaci\u00f3n: Innovar y competir con ciencia\" - Blog de ADE","og_description":"El pr\u00f3ximo 7 de mayo se celebrar\u00e1 en el C\u00edrculo de Bellas Artes, en Madrid, la jornada \u201cComunicar la Innovaci\u00f3n: innovar y competir con ciencia\u201d, cuyo objetivos son: Crear conciencia sobre un nuevo periodismo y contenidos de inter\u00e9s social alrededor de la innovaci\u00f3n. Dar a conocer a los medios de comunicaci\u00f3n la innovaci\u00f3n promovida por [&hellip;]","og_url":"https:\/\/blogs.udima.es\/administracion-y-direccion-de-empresas\/comunicar-la-innovacion-innovar-y-competir-con-ciencia\/","og_site_name":"Blog de ADE - Universidad a Distancia de Madrid | UDIMA","article_published_time":"2012-04-16T11:07:10+00:00","article_modified_time":"2016-01-20T11:40:19+00:00","author":"Mag\u00fci Campanario","twitter_card":"summary_large_image","twitter_creator":"@https:\/\/twitter.com\/CampanarioMagui","twitter_misc":{"Escrito por":"Mag\u00fci Campanario","Tiempo de lectura":"1 minuto"},"schema":{"@context":"https:\/\/schema.org","@graph":[{"@type":"WebPage","@id":"https:\/\/blogs.udima.es\/administracion-y-direccion-de-empresas\/comunicar-la-innovacion-innovar-y-competir-con-ciencia\/","url":"https:\/\/blogs.udima.es\/administracion-y-direccion-de-empresas\/comunicar-la-innovacion-innovar-y-competir-con-ciencia\/","name":"\"Comunicar la Innovaci\u00f3n: Innovar y competir con ciencia\" - Blog de ADE","isPartOf":{"@id":"https:\/\/blogs.udima.es\/administracion-y-direccion-de-empresas\/#website"},"datePublished":"2012-04-16T11:07:10+00:00","dateModified":"2016-01-20T11:40:19+00:00","author":{"@id":"https:\/\/blogs.udima.es\/administracion-y-direccion-de-empresas\/#\/schema\/person\/2795ebce8e8cd657bad7085488ef3bb0"},"breadcrumb":{"@id":"https:\/\/blogs.udima.es\/administracion-y-direccion-de-empresas\/comunicar-la-innovacion-innovar-y-competir-con-ciencia\/#breadcrumb"},"inLanguage":"es","potentialAction":[{"@type":"ReadAction","target":["https:\/\/blogs.udima.es\/administracion-y-direccion-de-empresas\/comunicar-la-innovacion-innovar-y-competir-con-ciencia\/"]}]},{"@type":"BreadcrumbList","@id":"https:\/\/blogs.udima.es\/administracion-y-direccion-de-empresas\/comunicar-la-innovacion-innovar-y-competir-con-ciencia\/#breadcrumb","itemListElement":[{"@type":"ListItem","position":1,"name":"Portada","item":"https:\/\/blogs.udima.es\/administracion-y-direccion-de-empresas\/"},{"@type":"ListItem","position":2,"name":"\u00abComunicar la Innovaci\u00f3n: Innovar y competir con ciencia\u00bb"}]},{"@type":"WebSite","@id":"https:\/\/blogs.udima.es\/administracion-y-direccion-de-empresas\/#website","url":"https:\/\/blogs.udima.es\/administracion-y-direccion-de-empresas\/","name":"Blog de ADE - Universidad a Distancia de Madrid | UDIMA","description":"","potentialAction":[{"@type":"SearchAction","target":{"@type":"EntryPoint","urlTemplate":"https:\/\/blogs.udima.es\/administracion-y-direccion-de-empresas\/?s={search_term_string}"},"query-input":"required name=search_term_string"}],"inLanguage":"es"},{"@type":"Person","@id":"https:\/\/blogs.udima.es\/administracion-y-direccion-de-empresas\/#\/schema\/person\/2795ebce8e8cd657bad7085488ef3bb0","name":"Mag\u00fci Campanario","image":{"@type":"ImageObject","inLanguage":"es","@id":"https:\/\/blogs.udima.es\/administracion-y-direccion-de-empresas\/#\/schema\/person\/image\/","url":"https:\/\/secure.gravatar.com\/avatar\/ae24a2cd593e4786513c3b36401d7723?s=96&d=mm&r=g","contentUrl":"https:\/\/secure.gravatar.com\/avatar\/ae24a2cd593e4786513c3b36401d7723?s=96&d=mm&r=g","caption":"Mag\u00fci Campanario"},"description":"Doctora en Ciencias Econ\u00f3micas y Empresariales. Profesora de Introducci\u00f3n a la Econom\u00eda. Ver Perfil","sameAs":["https:\/\/es.linkedin.com\/in\/maria-luisa-campanario-hern\u00e1ndez-20159b29","https:\/\/x.com\/https:\/\/twitter.com\/CampanarioMagui"],"url":"https:\/\/blogs.udima.es\/administracion-y-direccion-de-empresas\/author\/magui-campanario\/"}]}},"_links":{"self":[{"href":"https:\/\/blogs.udima.es\/administracion-y-direccion-de-empresas\/wp-json\/wp\/v2\/posts\/804"}],"collection":[{"href":"https:\/\/blogs.udima.es\/administracion-y-direccion-de-empresas\/wp-json\/wp\/v2\/posts"}],"about":[{"href":"https:\/\/blogs.udima.es\/administracion-y-direccion-de-empresas\/wp-json\/wp\/v2\/types\/post"}],"author":[{"embeddable":true,"href":"https:\/\/blogs.udima.es\/administracion-y-direccion-de-empresas\/wp-json\/wp\/v2\/users\/8"}],"replies":[{"embeddable":true,"href":"https:\/\/blogs.udima.es\/administracion-y-direccion-de-empresas\/wp-json\/wp\/v2\/comments?post=804"}],"version-history":[{"count":1,"href":"https:\/\/blogs.udima.es\/administracion-y-direccion-de-empresas\/wp-json\/wp\/v2\/posts\/804\/revisions"}],"predecessor-version":[{"id":1330,"href":"https:\/\/blogs.udima.es\/administracion-y-direccion-de-empresas\/wp-json\/wp\/v2\/posts\/804\/revisions\/1330"}],"wp:attachment":[{"href":"https:\/\/blogs.udima.es\/administracion-y-direccion-de-empresas\/wp-json\/wp\/v2\/media?parent=804"}],"wp:term":[{"taxonomy":"category","embeddable":true,"href":"https:\/\/blogs.udima.es\/administracion-y-direccion-de-empresas\/wp-json\/wp\/v2\/categories?post=804"},{"taxonomy":"post_tag","embeddable":true,"href":"https:\/\/blogs.udima.es\/administracion-y-direccion-de-empresas\/wp-json\/wp\/v2\/tags?post=804"}],"curies":[{"name":"wp","href":"https:\/\/api.w.org\/{rel}","templated":true}]}}