{"id":798,"date":"2012-03-26T08:51:19","date_gmt":"2012-03-26T08:51:19","guid":{"rendered":"http:\/\/www.adeudima.com\/?p=798"},"modified":"2016-01-20T11:40:19","modified_gmt":"2016-01-20T11:40:19","slug":"emprendimiento-y-responsabilidad-social-corporativa","status":"publish","type":"post","link":"https:\/\/blogs.udima.es\/administracion-y-direccion-de-empresas\/emprendimiento-y-responsabilidad-social-corporativa\/","title":{"rendered":"Emprendimiento y Responsabilidad Social Corporativa"},"content":{"rendered":"<p>Los nuevos modelos de crear y gestionar empresas en el Siglo XXI estar\u00e1n \u00edntimamente ligados a la Responsabilidad Social Corporativa. La integraci\u00f3n del triple beneficio econ\u00f3mico, social y medioambiental se impone sobre la ganancia financiera como \u00fanica responsabilidad por parte de las empresas. En el siguiente <a href=\"http:\/\/bit.ly\/luchacontraParo\" target=\"_blank\" rel=\"nofollow\">art\u00edculo<\/a>, Jos\u00e9 Luis Briones, Director General de Alquimia Emprendedora, nos muestras sus reflexiones sobre esta importante e innovadora cuesti\u00f3n.<\/p>\n","protected":false},"excerpt":{"rendered":"<p>Los nuevos modelos de crear y gestionar empresas en el Siglo XXI estar\u00e1n \u00edntimamente ligados a la Responsabilidad Social Corporativa. La integraci\u00f3n del triple beneficio econ\u00f3mico, social y medioambiental se impone sobre la ganancia financiera como \u00fanica responsabilidad por parte de las empresas. En el siguiente art\u00edculo, Jos\u00e9 Luis Briones, Director General de Alquimia Emprendedora, [&hellip;]<\/p>\n","protected":false},"author":7,"featured_media":0,"comment_status":"open","ping_status":"open","sticky":false,"template":"","format":"standard","meta":{"footnotes":""},"categories":[1],"tags":[],"yoast_head":"<!-- This site is optimized with the Yoast SEO plugin v22.9 - https:\/\/yoast.com\/wordpress\/plugins\/seo\/ -->\n<title>Emprendimiento y Responsabilidad Social Corporativa - Blog de ADE<\/title>\n<meta name=\"robots\" content=\"index, follow, max-snippet:-1, max-image-preview:large, max-video-preview:-1\" \/>\n<link rel=\"canonical\" href=\"https:\/\/blogs.udima.es\/administracion-y-direccion-de-empresas\/emprendimiento-y-responsabilidad-social-corporativa\/\" \/>\n<meta property=\"og:locale\" content=\"es_ES\" \/>\n<meta property=\"og:type\" content=\"article\" \/>\n<meta property=\"og:title\" content=\"Emprendimiento y Responsabilidad Social Corporativa - Blog de ADE\" \/>\n<meta property=\"og:description\" content=\"Los nuevos modelos de crear y gestionar empresas en el Siglo XXI estar\u00e1n \u00edntimamente ligados a la Responsabilidad Social Corporativa. La integraci\u00f3n del triple beneficio econ\u00f3mico, social y medioambiental se impone sobre la ganancia financiera como \u00fanica responsabilidad por parte de las empresas. En el siguiente art\u00edculo, Jos\u00e9 Luis Briones, Director General de Alquimia Emprendedora, [&hellip;]\" \/>\n<meta property=\"og:url\" content=\"https:\/\/blogs.udima.es\/administracion-y-direccion-de-empresas\/emprendimiento-y-responsabilidad-social-corporativa\/\" \/>\n<meta property=\"og:site_name\" content=\"Blog de ADE - Universidad a Distancia de Madrid | UDIMA\" \/>\n<meta property=\"article:published_time\" content=\"2012-03-26T08:51:19+00:00\" \/>\n<meta property=\"article:modified_time\" content=\"2016-01-20T11:40:19+00:00\" \/>\n<meta name=\"author\" content=\"Pedro Aceituno Aceituno\" \/>\n<meta name=\"twitter:card\" content=\"summary_large_image\" \/>\n<meta name=\"twitter:creator\" content=\"@https:\/\/twitter.com\/pedroaceituno23\" \/>\n<meta name=\"twitter:label1\" content=\"Escrito por\" \/>\n\t<meta name=\"twitter:data1\" content=\"Pedro Aceituno Aceituno\" \/>\n<script type=\"application\/ld+json\" class=\"yoast-schema-graph\">{\"@context\":\"https:\/\/schema.org\",\"@graph\":[{\"@type\":\"WebPage\",\"@id\":\"https:\/\/blogs.udima.es\/administracion-y-direccion-de-empresas\/emprendimiento-y-responsabilidad-social-corporativa\/\",\"url\":\"https:\/\/blogs.udima.es\/administracion-y-direccion-de-empresas\/emprendimiento-y-responsabilidad-social-corporativa\/\",\"name\":\"Emprendimiento y Responsabilidad Social Corporativa - Blog de ADE\",\"isPartOf\":{\"@id\":\"https:\/\/blogs.udima.es\/administracion-y-direccion-de-empresas\/#website\"},\"datePublished\":\"2012-03-26T08:51:19+00:00\",\"dateModified\":\"2016-01-20T11:40:19+00:00\",\"author\":{\"@id\":\"https:\/\/blogs.udima.es\/administracion-y-direccion-de-empresas\/#\/schema\/person\/dea617967b92252c7bebd796f03f88b2\"},\"breadcrumb\":{\"@id\":\"https:\/\/blogs.udima.es\/administracion-y-direccion-de-empresas\/emprendimiento-y-responsabilidad-social-corporativa\/#breadcrumb\"},\"inLanguage\":\"es\",\"potentialAction\":[{\"@type\":\"ReadAction\",\"target\":[\"https:\/\/blogs.udima.es\/administracion-y-direccion-de-empresas\/emprendimiento-y-responsabilidad-social-corporativa\/\"]}]},{\"@type\":\"BreadcrumbList\",\"@id\":\"https:\/\/blogs.udima.es\/administracion-y-direccion-de-empresas\/emprendimiento-y-responsabilidad-social-corporativa\/#breadcrumb\",\"itemListElement\":[{\"@type\":\"ListItem\",\"position\":1,\"name\":\"Portada\",\"item\":\"https:\/\/blogs.udima.es\/administracion-y-direccion-de-empresas\/\"},{\"@type\":\"ListItem\",\"position\":2,\"name\":\"Emprendimiento y Responsabilidad Social Corporativa\"}]},{\"@type\":\"WebSite\",\"@id\":\"https:\/\/blogs.udima.es\/administracion-y-direccion-de-empresas\/#website\",\"url\":\"https:\/\/blogs.udima.es\/administracion-y-direccion-de-empresas\/\",\"name\":\"Blog de ADE - Universidad a Distancia de Madrid | UDIMA\",\"description\":\"\",\"potentialAction\":[{\"@type\":\"SearchAction\",\"target\":{\"@type\":\"EntryPoint\",\"urlTemplate\":\"https:\/\/blogs.udima.es\/administracion-y-direccion-de-empresas\/?s={search_term_string}\"},\"query-input\":\"required name=search_term_string\"}],\"inLanguage\":\"es\"},{\"@type\":\"Person\",\"@id\":\"https:\/\/blogs.udima.es\/administracion-y-direccion-de-empresas\/#\/schema\/person\/dea617967b92252c7bebd796f03f88b2\",\"name\":\"Pedro Aceituno Aceituno\",\"image\":{\"@type\":\"ImageObject\",\"inLanguage\":\"es\",\"@id\":\"https:\/\/blogs.udima.es\/administracion-y-direccion-de-empresas\/#\/schema\/person\/image\/\",\"url\":\"https:\/\/secure.gravatar.com\/avatar\/5892f0b16bad572312b0ed1f08bb2514?s=96&d=mm&r=g\",\"contentUrl\":\"https:\/\/secure.gravatar.com\/avatar\/5892f0b16bad572312b0ed1f08bb2514?s=96&d=mm&r=g\",\"caption\":\"Pedro Aceituno Aceituno\"},\"description\":\"Doctor en Ciencias Econ\u00f3micas y Empresariales. Profesor Grado de ADE en Universidad a Distancia de Madrid (UDIMA). Ver Perfil\",\"sameAs\":[\"https:\/\/es.linkedin.com\/in\/pedro-aceituno-aceituno-23487112\",\"https:\/\/x.com\/https:\/\/twitter.com\/pedroaceituno23\"],\"url\":\"https:\/\/blogs.udima.es\/administracion-y-direccion-de-empresas\/author\/pedro-aceituno-aceituno\/\"}]}<\/script>\n<!-- \/ Yoast SEO plugin. -->","yoast_head_json":{"title":"Emprendimiento y Responsabilidad Social Corporativa - Blog de ADE","robots":{"index":"index","follow":"follow","max-snippet":"max-snippet:-1","max-image-preview":"max-image-preview:large","max-video-preview":"max-video-preview:-1"},"canonical":"https:\/\/blogs.udima.es\/administracion-y-direccion-de-empresas\/emprendimiento-y-responsabilidad-social-corporativa\/","og_locale":"es_ES","og_type":"article","og_title":"Emprendimiento y Responsabilidad Social Corporativa - Blog de ADE","og_description":"Los nuevos modelos de crear y gestionar empresas en el Siglo XXI estar\u00e1n \u00edntimamente ligados a la Responsabilidad Social Corporativa. La integraci\u00f3n del triple beneficio econ\u00f3mico, social y medioambiental se impone sobre la ganancia financiera como \u00fanica responsabilidad por parte de las empresas. En el siguiente art\u00edculo, Jos\u00e9 Luis Briones, Director General de Alquimia Emprendedora, [&hellip;]","og_url":"https:\/\/blogs.udima.es\/administracion-y-direccion-de-empresas\/emprendimiento-y-responsabilidad-social-corporativa\/","og_site_name":"Blog de ADE - Universidad a Distancia de Madrid | UDIMA","article_published_time":"2012-03-26T08:51:19+00:00","article_modified_time":"2016-01-20T11:40:19+00:00","author":"Pedro Aceituno Aceituno","twitter_card":"summary_large_image","twitter_creator":"@https:\/\/twitter.com\/pedroaceituno23","twitter_misc":{"Escrito por":"Pedro Aceituno Aceituno"},"schema":{"@context":"https:\/\/schema.org","@graph":[{"@type":"WebPage","@id":"https:\/\/blogs.udima.es\/administracion-y-direccion-de-empresas\/emprendimiento-y-responsabilidad-social-corporativa\/","url":"https:\/\/blogs.udima.es\/administracion-y-direccion-de-empresas\/emprendimiento-y-responsabilidad-social-corporativa\/","name":"Emprendimiento y Responsabilidad Social Corporativa - Blog de ADE","isPartOf":{"@id":"https:\/\/blogs.udima.es\/administracion-y-direccion-de-empresas\/#website"},"datePublished":"2012-03-26T08:51:19+00:00","dateModified":"2016-01-20T11:40:19+00:00","author":{"@id":"https:\/\/blogs.udima.es\/administracion-y-direccion-de-empresas\/#\/schema\/person\/dea617967b92252c7bebd796f03f88b2"},"breadcrumb":{"@id":"https:\/\/blogs.udima.es\/administracion-y-direccion-de-empresas\/emprendimiento-y-responsabilidad-social-corporativa\/#breadcrumb"},"inLanguage":"es","potentialAction":[{"@type":"ReadAction","target":["https:\/\/blogs.udima.es\/administracion-y-direccion-de-empresas\/emprendimiento-y-responsabilidad-social-corporativa\/"]}]},{"@type":"BreadcrumbList","@id":"https:\/\/blogs.udima.es\/administracion-y-direccion-de-empresas\/emprendimiento-y-responsabilidad-social-corporativa\/#breadcrumb","itemListElement":[{"@type":"ListItem","position":1,"name":"Portada","item":"https:\/\/blogs.udima.es\/administracion-y-direccion-de-empresas\/"},{"@type":"ListItem","position":2,"name":"Emprendimiento y Responsabilidad Social Corporativa"}]},{"@type":"WebSite","@id":"https:\/\/blogs.udima.es\/administracion-y-direccion-de-empresas\/#website","url":"https:\/\/blogs.udima.es\/administracion-y-direccion-de-empresas\/","name":"Blog de ADE - Universidad a Distancia de Madrid | UDIMA","description":"","potentialAction":[{"@type":"SearchAction","target":{"@type":"EntryPoint","urlTemplate":"https:\/\/blogs.udima.es\/administracion-y-direccion-de-empresas\/?s={search_term_string}"},"query-input":"required name=search_term_string"}],"inLanguage":"es"},{"@type":"Person","@id":"https:\/\/blogs.udima.es\/administracion-y-direccion-de-empresas\/#\/schema\/person\/dea617967b92252c7bebd796f03f88b2","name":"Pedro Aceituno Aceituno","image":{"@type":"ImageObject","inLanguage":"es","@id":"https:\/\/blogs.udima.es\/administracion-y-direccion-de-empresas\/#\/schema\/person\/image\/","url":"https:\/\/secure.gravatar.com\/avatar\/5892f0b16bad572312b0ed1f08bb2514?s=96&d=mm&r=g","contentUrl":"https:\/\/secure.gravatar.com\/avatar\/5892f0b16bad572312b0ed1f08bb2514?s=96&d=mm&r=g","caption":"Pedro Aceituno Aceituno"},"description":"Doctor en Ciencias Econ\u00f3micas y Empresariales. Profesor Grado de ADE en Universidad a Distancia de Madrid (UDIMA). Ver Perfil","sameAs":["https:\/\/es.linkedin.com\/in\/pedro-aceituno-aceituno-23487112","https:\/\/x.com\/https:\/\/twitter.com\/pedroaceituno23"],"url":"https:\/\/blogs.udima.es\/administracion-y-direccion-de-empresas\/author\/pedro-aceituno-aceituno\/"}]}},"_links":{"self":[{"href":"https:\/\/blogs.udima.es\/administracion-y-direccion-de-empresas\/wp-json\/wp\/v2\/posts\/798"}],"collection":[{"href":"https:\/\/blogs.udima.es\/administracion-y-direccion-de-empresas\/wp-json\/wp\/v2\/posts"}],"about":[{"href":"https:\/\/blogs.udima.es\/administracion-y-direccion-de-empresas\/wp-json\/wp\/v2\/types\/post"}],"author":[{"embeddable":true,"href":"https:\/\/blogs.udima.es\/administracion-y-direccion-de-empresas\/wp-json\/wp\/v2\/users\/7"}],"replies":[{"embeddable":true,"href":"https:\/\/blogs.udima.es\/administracion-y-direccion-de-empresas\/wp-json\/wp\/v2\/comments?post=798"}],"version-history":[{"count":1,"href":"https:\/\/blogs.udima.es\/administracion-y-direccion-de-empresas\/wp-json\/wp\/v2\/posts\/798\/revisions"}],"predecessor-version":[{"id":1332,"href":"https:\/\/blogs.udima.es\/administracion-y-direccion-de-empresas\/wp-json\/wp\/v2\/posts\/798\/revisions\/1332"}],"wp:attachment":[{"href":"https:\/\/blogs.udima.es\/administracion-y-direccion-de-empresas\/wp-json\/wp\/v2\/media?parent=798"}],"wp:term":[{"taxonomy":"category","embeddable":true,"href":"https:\/\/blogs.udima.es\/administracion-y-direccion-de-empresas\/wp-json\/wp\/v2\/categories?post=798"},{"taxonomy":"post_tag","embeddable":true,"href":"https:\/\/blogs.udima.es\/administracion-y-direccion-de-empresas\/wp-json\/wp\/v2\/tags?post=798"}],"curies":[{"name":"wp","href":"https:\/\/api.w.org\/{rel}","templated":true}]}}