{"id":795,"date":"2012-03-20T18:03:35","date_gmt":"2012-03-20T18:03:35","guid":{"rendered":"http:\/\/www.adeudima.com\/?p=795"},"modified":"2016-01-20T11:40:19","modified_gmt":"2016-01-20T11:40:19","slug":"mi-empresa-y-mi-smartphone","status":"publish","type":"post","link":"https:\/\/blogs.udima.es\/administracion-y-direccion-de-empresas\/mi-empresa-y-mi-smartphone\/","title":{"rendered":"Mi empresa y mi smartphone"},"content":{"rendered":"<p>El uso generalizado de m\u00f3viles ha llegado a las entra\u00f1as de la empresa. Si no es dif\u00edcil intuir las ventajas que pueden ofrecer como herramienta de marketing , \u00bfse imagina gestionar su propia empresa a trav\u00e9s del smartphone? En el controvertido paradigma \u201cCloud Computing\u201d radica la creciente expansi\u00f3n de aplicaciones que prometen modificar el funcionamiento de las organizaciones. En concreto, la consultora Forrester se\u00f1al\u00f3 que el desarrollo de aplicaciones de gesti\u00f3n a trav\u00e9s del smartphone fue una de las cinco prioridades de las grandes empresas durante el pasado a\u00f1o, augurando un crecimiento exponencial en su implantaci\u00f3n en el corto y medio plazo; as\u00ed mismo, se calcula  que en los pa\u00edses donde la contabilidad online posee actualmente cierto rodaje  se alcance un 50% de inserci\u00f3n a lo largo de los pr\u00f3ximos quince a\u00f1os.<br \/>\nPor otra parte, son precisamente las PYMES las que ocupan el primer puesto en la lista de usuarios de la nube para gesti\u00f3n as\u00ed como en la implementaci\u00f3n de las recientes aplicaciones de contabilidad para el m\u00f3vil. No obstante, quiz\u00e1 el lector a estas alturas ya se haya planteado los inconvenientes del uso diario del smartphone para la gesti\u00f3n de la empresa: su limitado tama\u00f1o. Sin embargo, los defensores de esta herramienta vaticinan que este escollo se difuminar\u00e1 progresivamente gracias a los avances de la tecnolog\u00eda; por ejemplo, a trav\u00e9s de un pico proyector y un teclado virtual proyectado sobre cualquier superficie.<br \/>\nLa contabilidad online es intr\u00ednseco al ahorro de costes gracias, entre otros motivos, a que no exige la compra de licencias, el pago de actualizaciones, sistemas de almacenamiento al encontrarse los datos en la nube&#8230;Asimismo, implica dotar a la empresa de una mayor flexibilidad -en cualquier momento y lugar se puede acceder a la informaci\u00f3n contable de la organizaci\u00f3n a trav\u00e9s del tel\u00e9fono m\u00f3vil o tableta- y, adem\u00e1s, impulsa a un cambio de modelo de negocio hacia uno m\u00e1s descentralizado, con una mayor interacci\u00f3n entre asesores y gestores y un papel  m\u00e1s relevante de los empleados. Tiempo al tiempo, pero&#8230;\u00bfconseguir\u00e1n  los avances tecnol\u00f3gicos y el actual dinamismo de las organizaciones  que la ciencia ficci\u00f3n se haga realidad?<\/p>\n","protected":false},"excerpt":{"rendered":"<p>El uso generalizado de m\u00f3viles ha llegado a las entra\u00f1as de la empresa. Si no es dif\u00edcil intuir las ventajas que pueden ofrecer como herramienta de marketing , \u00bfse imagina gestionar su propia empresa a trav\u00e9s del smartphone? En el controvertido paradigma \u201cCloud Computing\u201d radica la creciente expansi\u00f3n de aplicaciones que prometen modificar el funcionamiento [&hellip;]<\/p>\n","protected":false},"author":11,"featured_media":0,"comment_status":"open","ping_status":"open","sticky":false,"template":"","format":"standard","meta":{"footnotes":""},"categories":[1],"tags":[],"yoast_head":"<!-- This site is optimized with the Yoast SEO plugin v22.9 - https:\/\/yoast.com\/wordpress\/plugins\/seo\/ -->\n<title>Mi empresa y mi smartphone - Blog de ADE<\/title>\n<meta name=\"robots\" content=\"index, follow, max-snippet:-1, max-image-preview:large, max-video-preview:-1\" \/>\n<link rel=\"canonical\" href=\"https:\/\/blogs.udima.es\/administracion-y-direccion-de-empresas\/mi-empresa-y-mi-smartphone\/\" \/>\n<meta property=\"og:locale\" content=\"es_ES\" \/>\n<meta property=\"og:type\" content=\"article\" \/>\n<meta property=\"og:title\" content=\"Mi empresa y mi smartphone - Blog de ADE\" \/>\n<meta property=\"og:description\" content=\"El uso generalizado de m\u00f3viles ha llegado a las entra\u00f1as de la empresa. Si no es dif\u00edcil intuir las ventajas que pueden ofrecer como herramienta de marketing , \u00bfse imagina gestionar su propia empresa a trav\u00e9s del smartphone? En el controvertido paradigma \u201cCloud Computing\u201d radica la creciente expansi\u00f3n de aplicaciones que prometen modificar el funcionamiento [&hellip;]\" \/>\n<meta property=\"og:url\" content=\"https:\/\/blogs.udima.es\/administracion-y-direccion-de-empresas\/mi-empresa-y-mi-smartphone\/\" \/>\n<meta property=\"og:site_name\" content=\"Blog de ADE - Universidad a Distancia de Madrid | UDIMA\" \/>\n<meta property=\"article:published_time\" content=\"2012-03-20T18:03:35+00:00\" \/>\n<meta property=\"article:modified_time\" content=\"2016-01-20T11:40:19+00:00\" \/>\n<meta name=\"author\" content=\"Patricia Victor\" \/>\n<meta name=\"twitter:card\" content=\"summary_large_image\" \/>\n<meta name=\"twitter:creator\" content=\"@https:\/\/twitter.com\/PatriciaVictorP\" \/>\n<meta name=\"twitter:label1\" content=\"Escrito por\" \/>\n\t<meta name=\"twitter:data1\" content=\"Patricia Victor\" \/>\n\t<meta name=\"twitter:label2\" content=\"Tiempo de lectura\" \/>\n\t<meta name=\"twitter:data2\" content=\"2 minutos\" \/>\n<script type=\"application\/ld+json\" class=\"yoast-schema-graph\">{\"@context\":\"https:\/\/schema.org\",\"@graph\":[{\"@type\":\"WebPage\",\"@id\":\"https:\/\/blogs.udima.es\/administracion-y-direccion-de-empresas\/mi-empresa-y-mi-smartphone\/\",\"url\":\"https:\/\/blogs.udima.es\/administracion-y-direccion-de-empresas\/mi-empresa-y-mi-smartphone\/\",\"name\":\"Mi empresa y mi smartphone - Blog de ADE\",\"isPartOf\":{\"@id\":\"https:\/\/blogs.udima.es\/administracion-y-direccion-de-empresas\/#website\"},\"datePublished\":\"2012-03-20T18:03:35+00:00\",\"dateModified\":\"2016-01-20T11:40:19+00:00\",\"author\":{\"@id\":\"https:\/\/blogs.udima.es\/administracion-y-direccion-de-empresas\/#\/schema\/person\/a98d925435783eb4ecfe8b6805f00b01\"},\"breadcrumb\":{\"@id\":\"https:\/\/blogs.udima.es\/administracion-y-direccion-de-empresas\/mi-empresa-y-mi-smartphone\/#breadcrumb\"},\"inLanguage\":\"es\",\"potentialAction\":[{\"@type\":\"ReadAction\",\"target\":[\"https:\/\/blogs.udima.es\/administracion-y-direccion-de-empresas\/mi-empresa-y-mi-smartphone\/\"]}]},{\"@type\":\"BreadcrumbList\",\"@id\":\"https:\/\/blogs.udima.es\/administracion-y-direccion-de-empresas\/mi-empresa-y-mi-smartphone\/#breadcrumb\",\"itemListElement\":[{\"@type\":\"ListItem\",\"position\":1,\"name\":\"Portada\",\"item\":\"https:\/\/blogs.udima.es\/administracion-y-direccion-de-empresas\/\"},{\"@type\":\"ListItem\",\"position\":2,\"name\":\"Mi empresa y mi smartphone\"}]},{\"@type\":\"WebSite\",\"@id\":\"https:\/\/blogs.udima.es\/administracion-y-direccion-de-empresas\/#website\",\"url\":\"https:\/\/blogs.udima.es\/administracion-y-direccion-de-empresas\/\",\"name\":\"Blog de ADE - Universidad a Distancia de Madrid | UDIMA\",\"description\":\"\",\"potentialAction\":[{\"@type\":\"SearchAction\",\"target\":{\"@type\":\"EntryPoint\",\"urlTemplate\":\"https:\/\/blogs.udima.es\/administracion-y-direccion-de-empresas\/?s={search_term_string}\"},\"query-input\":\"required name=search_term_string\"}],\"inLanguage\":\"es\"},{\"@type\":\"Person\",\"@id\":\"https:\/\/blogs.udima.es\/administracion-y-direccion-de-empresas\/#\/schema\/person\/a98d925435783eb4ecfe8b6805f00b01\",\"name\":\"Patricia Victor\",\"image\":{\"@type\":\"ImageObject\",\"inLanguage\":\"es\",\"@id\":\"https:\/\/blogs.udima.es\/administracion-y-direccion-de-empresas\/#\/schema\/person\/image\/\",\"url\":\"https:\/\/secure.gravatar.com\/avatar\/dd312efc3c1863066a9eb43382476d44?s=96&d=mm&r=g\",\"contentUrl\":\"https:\/\/secure.gravatar.com\/avatar\/dd312efc3c1863066a9eb43382476d44?s=96&d=mm&r=g\",\"caption\":\"Patricia Victor\"},\"description\":\"Doctora en Econom\u00eda y Administraci\u00f3n de Empresas. Profesora de Contabilidad en UDIMA, Universidad a Distancia de Madrid. Ver perfil\",\"sameAs\":[\"https:\/\/es.linkedin.com\/in\/patricia-victor-03400b48\",\"https:\/\/x.com\/https:\/\/twitter.com\/PatriciaVictorP\"],\"url\":\"https:\/\/blogs.udima.es\/administracion-y-direccion-de-empresas\/author\/patricia-victor\/\"}]}<\/script>\n<!-- \/ Yoast SEO plugin. -->","yoast_head_json":{"title":"Mi empresa y mi smartphone - Blog de ADE","robots":{"index":"index","follow":"follow","max-snippet":"max-snippet:-1","max-image-preview":"max-image-preview:large","max-video-preview":"max-video-preview:-1"},"canonical":"https:\/\/blogs.udima.es\/administracion-y-direccion-de-empresas\/mi-empresa-y-mi-smartphone\/","og_locale":"es_ES","og_type":"article","og_title":"Mi empresa y mi smartphone - Blog de ADE","og_description":"El uso generalizado de m\u00f3viles ha llegado a las entra\u00f1as de la empresa. Si no es dif\u00edcil intuir las ventajas que pueden ofrecer como herramienta de marketing , \u00bfse imagina gestionar su propia empresa a trav\u00e9s del smartphone? En el controvertido paradigma \u201cCloud Computing\u201d radica la creciente expansi\u00f3n de aplicaciones que prometen modificar el funcionamiento [&hellip;]","og_url":"https:\/\/blogs.udima.es\/administracion-y-direccion-de-empresas\/mi-empresa-y-mi-smartphone\/","og_site_name":"Blog de ADE - Universidad a Distancia de Madrid | UDIMA","article_published_time":"2012-03-20T18:03:35+00:00","article_modified_time":"2016-01-20T11:40:19+00:00","author":"Patricia Victor","twitter_card":"summary_large_image","twitter_creator":"@https:\/\/twitter.com\/PatriciaVictorP","twitter_misc":{"Escrito por":"Patricia Victor","Tiempo de lectura":"2 minutos"},"schema":{"@context":"https:\/\/schema.org","@graph":[{"@type":"WebPage","@id":"https:\/\/blogs.udima.es\/administracion-y-direccion-de-empresas\/mi-empresa-y-mi-smartphone\/","url":"https:\/\/blogs.udima.es\/administracion-y-direccion-de-empresas\/mi-empresa-y-mi-smartphone\/","name":"Mi empresa y mi smartphone - Blog de ADE","isPartOf":{"@id":"https:\/\/blogs.udima.es\/administracion-y-direccion-de-empresas\/#website"},"datePublished":"2012-03-20T18:03:35+00:00","dateModified":"2016-01-20T11:40:19+00:00","author":{"@id":"https:\/\/blogs.udima.es\/administracion-y-direccion-de-empresas\/#\/schema\/person\/a98d925435783eb4ecfe8b6805f00b01"},"breadcrumb":{"@id":"https:\/\/blogs.udima.es\/administracion-y-direccion-de-empresas\/mi-empresa-y-mi-smartphone\/#breadcrumb"},"inLanguage":"es","potentialAction":[{"@type":"ReadAction","target":["https:\/\/blogs.udima.es\/administracion-y-direccion-de-empresas\/mi-empresa-y-mi-smartphone\/"]}]},{"@type":"BreadcrumbList","@id":"https:\/\/blogs.udima.es\/administracion-y-direccion-de-empresas\/mi-empresa-y-mi-smartphone\/#breadcrumb","itemListElement":[{"@type":"ListItem","position":1,"name":"Portada","item":"https:\/\/blogs.udima.es\/administracion-y-direccion-de-empresas\/"},{"@type":"ListItem","position":2,"name":"Mi empresa y mi smartphone"}]},{"@type":"WebSite","@id":"https:\/\/blogs.udima.es\/administracion-y-direccion-de-empresas\/#website","url":"https:\/\/blogs.udima.es\/administracion-y-direccion-de-empresas\/","name":"Blog de ADE - Universidad a Distancia de Madrid | UDIMA","description":"","potentialAction":[{"@type":"SearchAction","target":{"@type":"EntryPoint","urlTemplate":"https:\/\/blogs.udima.es\/administracion-y-direccion-de-empresas\/?s={search_term_string}"},"query-input":"required name=search_term_string"}],"inLanguage":"es"},{"@type":"Person","@id":"https:\/\/blogs.udima.es\/administracion-y-direccion-de-empresas\/#\/schema\/person\/a98d925435783eb4ecfe8b6805f00b01","name":"Patricia Victor","image":{"@type":"ImageObject","inLanguage":"es","@id":"https:\/\/blogs.udima.es\/administracion-y-direccion-de-empresas\/#\/schema\/person\/image\/","url":"https:\/\/secure.gravatar.com\/avatar\/dd312efc3c1863066a9eb43382476d44?s=96&d=mm&r=g","contentUrl":"https:\/\/secure.gravatar.com\/avatar\/dd312efc3c1863066a9eb43382476d44?s=96&d=mm&r=g","caption":"Patricia Victor"},"description":"Doctora en Econom\u00eda y Administraci\u00f3n de Empresas. Profesora de Contabilidad en UDIMA, Universidad a Distancia de Madrid. Ver perfil","sameAs":["https:\/\/es.linkedin.com\/in\/patricia-victor-03400b48","https:\/\/x.com\/https:\/\/twitter.com\/PatriciaVictorP"],"url":"https:\/\/blogs.udima.es\/administracion-y-direccion-de-empresas\/author\/patricia-victor\/"}]}},"_links":{"self":[{"href":"https:\/\/blogs.udima.es\/administracion-y-direccion-de-empresas\/wp-json\/wp\/v2\/posts\/795"}],"collection":[{"href":"https:\/\/blogs.udima.es\/administracion-y-direccion-de-empresas\/wp-json\/wp\/v2\/posts"}],"about":[{"href":"https:\/\/blogs.udima.es\/administracion-y-direccion-de-empresas\/wp-json\/wp\/v2\/types\/post"}],"author":[{"embeddable":true,"href":"https:\/\/blogs.udima.es\/administracion-y-direccion-de-empresas\/wp-json\/wp\/v2\/users\/11"}],"replies":[{"embeddable":true,"href":"https:\/\/blogs.udima.es\/administracion-y-direccion-de-empresas\/wp-json\/wp\/v2\/comments?post=795"}],"version-history":[{"count":1,"href":"https:\/\/blogs.udima.es\/administracion-y-direccion-de-empresas\/wp-json\/wp\/v2\/posts\/795\/revisions"}],"predecessor-version":[{"id":1333,"href":"https:\/\/blogs.udima.es\/administracion-y-direccion-de-empresas\/wp-json\/wp\/v2\/posts\/795\/revisions\/1333"}],"wp:attachment":[{"href":"https:\/\/blogs.udima.es\/administracion-y-direccion-de-empresas\/wp-json\/wp\/v2\/media?parent=795"}],"wp:term":[{"taxonomy":"category","embeddable":true,"href":"https:\/\/blogs.udima.es\/administracion-y-direccion-de-empresas\/wp-json\/wp\/v2\/categories?post=795"},{"taxonomy":"post_tag","embeddable":true,"href":"https:\/\/blogs.udima.es\/administracion-y-direccion-de-empresas\/wp-json\/wp\/v2\/tags?post=795"}],"curies":[{"name":"wp","href":"https:\/\/api.w.org\/{rel}","templated":true}]}}