{"id":791,"date":"2012-03-12T13:01:52","date_gmt":"2012-03-12T13:01:52","guid":{"rendered":"http:\/\/www.adeudima.com\/?p=791"},"modified":"2016-01-20T11:40:20","modified_gmt":"2016-01-20T11:40:20","slug":"cambios-contables-que-tornan-las-perdidas-en-beneficios","status":"publish","type":"post","link":"https:\/\/blogs.udima.es\/administracion-y-direccion-de-empresas\/cambios-contables-que-tornan-las-perdidas-en-beneficios\/","title":{"rendered":"Cambios contables que tornan las p\u00e9rdidas en beneficios."},"content":{"rendered":"<p>Iberdrola, al igual que muchas de las principales el\u00e9ctricas europeas, ha decidido realizar un ajuste contable en sus cuentas de 2011 que le ha permitido ofrecer una nueva visi\u00f3n para sus resultados.<br \/>\n\u00bfEn qu\u00e9 ha consistido el ajuste? Usando lo que conocemos como \u00abcontabilidad creativa\u00bb, ha decidido alargar la vida \u00fatil de los parques e\u00f3licos de 25 a\u00f1os a 30 a\u00f1os, lo que le permite as\u00ed dar un menor gasto de amortizaci\u00f3n anual y, como consecuencia, consigue mejorar sus resultados. Este cambio de criterio lo comenz\u00f3 el d\u00eda 1 de julio de 20011, tal y como se observa en su informe trimestral de los resultados de ese ejercicio. El efecto cuantitativo, seg\u00fan la propia empresa,que ha producido en sus cuentas anuales asciende a 66 millones de euros.<\/p>\n<p>Estos cambios contables, seg\u00fan ElEconomista.es, fueron iniciados por EDF Energies Nouvelles, NextEra (la antigua Florida Power)\u00a0 a mediados del pasado a\u00f1o, creando as\u00ed una tendencia que  ha sido continuada por compa\u00f1\u00edas l\u00edderes en energ\u00eda e\u00f3lica en Espa\u00f1a,  como son Iberdrola y EDP Renov\u00e1veis, a quienes previsiblemente seguir\u00e1n  otros grupos por las evidentes ventajas econ\u00f3micas que tiene este ajuste, y presentar unos resultados contables maquillados a sus accionistas.<\/p>\n<p>L\u00f3gicamente las empresas deber\u00e1n presentar estudios d\u00f3nde se demuestre y avalen que es posible alargar la vida \u00fatil de dichas empresas y que no es un simple cambio de criterio contable.<\/p>\n","protected":false},"excerpt":{"rendered":"<p>Iberdrola, al igual que muchas de las principales el\u00e9ctricas europeas, ha decidido realizar un ajuste contable en sus cuentas de 2011 que le ha permitido ofrecer una nueva visi\u00f3n para sus resultados. \u00bfEn qu\u00e9 ha consistido el ajuste? Usando lo que conocemos como \u00abcontabilidad creativa\u00bb, ha decidido alargar la vida \u00fatil de los parques e\u00f3licos [&hellip;]<\/p>\n","protected":false},"author":5,"featured_media":0,"comment_status":"open","ping_status":"open","sticky":false,"template":"","format":"standard","meta":{"footnotes":""},"categories":[1],"tags":[],"yoast_head":"<!-- This site is optimized with the Yoast SEO plugin v22.9 - https:\/\/yoast.com\/wordpress\/plugins\/seo\/ -->\n<title>Cambios contables que tornan las p\u00e9rdidas en beneficios. - Blog de ADE<\/title>\n<meta name=\"robots\" content=\"index, follow, max-snippet:-1, max-image-preview:large, max-video-preview:-1\" \/>\n<link rel=\"canonical\" href=\"https:\/\/blogs.udima.es\/administracion-y-direccion-de-empresas\/cambios-contables-que-tornan-las-perdidas-en-beneficios\/\" \/>\n<meta property=\"og:locale\" content=\"es_ES\" \/>\n<meta property=\"og:type\" content=\"article\" \/>\n<meta property=\"og:title\" content=\"Cambios contables que tornan las p\u00e9rdidas en beneficios. - Blog de ADE\" \/>\n<meta property=\"og:description\" content=\"Iberdrola, al igual que muchas de las principales el\u00e9ctricas europeas, ha decidido realizar un ajuste contable en sus cuentas de 2011 que le ha permitido ofrecer una nueva visi\u00f3n para sus resultados. \u00bfEn qu\u00e9 ha consistido el ajuste? Usando lo que conocemos como \u00abcontabilidad creativa\u00bb, ha decidido alargar la vida \u00fatil de los parques e\u00f3licos [&hellip;]\" \/>\n<meta property=\"og:url\" content=\"https:\/\/blogs.udima.es\/administracion-y-direccion-de-empresas\/cambios-contables-que-tornan-las-perdidas-en-beneficios\/\" \/>\n<meta property=\"og:site_name\" content=\"Blog de ADE - Universidad a Distancia de Madrid | UDIMA\" \/>\n<meta property=\"article:published_time\" content=\"2012-03-12T13:01:52+00:00\" \/>\n<meta property=\"article:modified_time\" content=\"2016-01-20T11:40:20+00:00\" \/>\n<meta name=\"author\" content=\"Concha Burgos\" \/>\n<meta name=\"twitter:card\" content=\"summary_large_image\" \/>\n<meta name=\"twitter:label1\" content=\"Escrito por\" \/>\n\t<meta name=\"twitter:data1\" content=\"Concha Burgos\" \/>\n\t<meta name=\"twitter:label2\" content=\"Tiempo de lectura\" \/>\n\t<meta name=\"twitter:data2\" content=\"1 minuto\" \/>\n<script type=\"application\/ld+json\" class=\"yoast-schema-graph\">{\"@context\":\"https:\/\/schema.org\",\"@graph\":[{\"@type\":\"WebPage\",\"@id\":\"https:\/\/blogs.udima.es\/administracion-y-direccion-de-empresas\/cambios-contables-que-tornan-las-perdidas-en-beneficios\/\",\"url\":\"https:\/\/blogs.udima.es\/administracion-y-direccion-de-empresas\/cambios-contables-que-tornan-las-perdidas-en-beneficios\/\",\"name\":\"Cambios contables que tornan las p\u00e9rdidas en beneficios. - Blog de ADE\",\"isPartOf\":{\"@id\":\"https:\/\/blogs.udima.es\/administracion-y-direccion-de-empresas\/#website\"},\"datePublished\":\"2012-03-12T13:01:52+00:00\",\"dateModified\":\"2016-01-20T11:40:20+00:00\",\"author\":{\"@id\":\"https:\/\/blogs.udima.es\/administracion-y-direccion-de-empresas\/#\/schema\/person\/4533058ec4a533087aa25c87862afbe1\"},\"breadcrumb\":{\"@id\":\"https:\/\/blogs.udima.es\/administracion-y-direccion-de-empresas\/cambios-contables-que-tornan-las-perdidas-en-beneficios\/#breadcrumb\"},\"inLanguage\":\"es\",\"potentialAction\":[{\"@type\":\"ReadAction\",\"target\":[\"https:\/\/blogs.udima.es\/administracion-y-direccion-de-empresas\/cambios-contables-que-tornan-las-perdidas-en-beneficios\/\"]}]},{\"@type\":\"BreadcrumbList\",\"@id\":\"https:\/\/blogs.udima.es\/administracion-y-direccion-de-empresas\/cambios-contables-que-tornan-las-perdidas-en-beneficios\/#breadcrumb\",\"itemListElement\":[{\"@type\":\"ListItem\",\"position\":1,\"name\":\"Portada\",\"item\":\"https:\/\/blogs.udima.es\/administracion-y-direccion-de-empresas\/\"},{\"@type\":\"ListItem\",\"position\":2,\"name\":\"Cambios contables que tornan las p\u00e9rdidas en beneficios.\"}]},{\"@type\":\"WebSite\",\"@id\":\"https:\/\/blogs.udima.es\/administracion-y-direccion-de-empresas\/#website\",\"url\":\"https:\/\/blogs.udima.es\/administracion-y-direccion-de-empresas\/\",\"name\":\"Blog de ADE - Universidad a Distancia de Madrid | UDIMA\",\"description\":\"\",\"potentialAction\":[{\"@type\":\"SearchAction\",\"target\":{\"@type\":\"EntryPoint\",\"urlTemplate\":\"https:\/\/blogs.udima.es\/administracion-y-direccion-de-empresas\/?s={search_term_string}\"},\"query-input\":\"required name=search_term_string\"}],\"inLanguage\":\"es\"},{\"@type\":\"Person\",\"@id\":\"https:\/\/blogs.udima.es\/administracion-y-direccion-de-empresas\/#\/schema\/person\/4533058ec4a533087aa25c87862afbe1\",\"name\":\"Concha Burgos\",\"image\":{\"@type\":\"ImageObject\",\"inLanguage\":\"es\",\"@id\":\"https:\/\/blogs.udima.es\/administracion-y-direccion-de-empresas\/#\/schema\/person\/image\/\",\"url\":\"https:\/\/secure.gravatar.com\/avatar\/509f554236c17403f95ff8b069a09686?s=96&d=mm&r=g\",\"contentUrl\":\"https:\/\/secure.gravatar.com\/avatar\/509f554236c17403f95ff8b069a09686?s=96&d=mm&r=g\",\"caption\":\"Concha Burgos\"},\"url\":\"https:\/\/blogs.udima.es\/administracion-y-direccion-de-empresas\/author\/concha-burgos\/\"}]}<\/script>\n<!-- \/ Yoast SEO plugin. -->","yoast_head_json":{"title":"Cambios contables que tornan las p\u00e9rdidas en beneficios. - Blog de ADE","robots":{"index":"index","follow":"follow","max-snippet":"max-snippet:-1","max-image-preview":"max-image-preview:large","max-video-preview":"max-video-preview:-1"},"canonical":"https:\/\/blogs.udima.es\/administracion-y-direccion-de-empresas\/cambios-contables-que-tornan-las-perdidas-en-beneficios\/","og_locale":"es_ES","og_type":"article","og_title":"Cambios contables que tornan las p\u00e9rdidas en beneficios. - Blog de ADE","og_description":"Iberdrola, al igual que muchas de las principales el\u00e9ctricas europeas, ha decidido realizar un ajuste contable en sus cuentas de 2011 que le ha permitido ofrecer una nueva visi\u00f3n para sus resultados. \u00bfEn qu\u00e9 ha consistido el ajuste? Usando lo que conocemos como \u00abcontabilidad creativa\u00bb, ha decidido alargar la vida \u00fatil de los parques e\u00f3licos [&hellip;]","og_url":"https:\/\/blogs.udima.es\/administracion-y-direccion-de-empresas\/cambios-contables-que-tornan-las-perdidas-en-beneficios\/","og_site_name":"Blog de ADE - Universidad a Distancia de Madrid | UDIMA","article_published_time":"2012-03-12T13:01:52+00:00","article_modified_time":"2016-01-20T11:40:20+00:00","author":"Concha Burgos","twitter_card":"summary_large_image","twitter_misc":{"Escrito por":"Concha Burgos","Tiempo de lectura":"1 minuto"},"schema":{"@context":"https:\/\/schema.org","@graph":[{"@type":"WebPage","@id":"https:\/\/blogs.udima.es\/administracion-y-direccion-de-empresas\/cambios-contables-que-tornan-las-perdidas-en-beneficios\/","url":"https:\/\/blogs.udima.es\/administracion-y-direccion-de-empresas\/cambios-contables-que-tornan-las-perdidas-en-beneficios\/","name":"Cambios contables que tornan las p\u00e9rdidas en beneficios. - Blog de ADE","isPartOf":{"@id":"https:\/\/blogs.udima.es\/administracion-y-direccion-de-empresas\/#website"},"datePublished":"2012-03-12T13:01:52+00:00","dateModified":"2016-01-20T11:40:20+00:00","author":{"@id":"https:\/\/blogs.udima.es\/administracion-y-direccion-de-empresas\/#\/schema\/person\/4533058ec4a533087aa25c87862afbe1"},"breadcrumb":{"@id":"https:\/\/blogs.udima.es\/administracion-y-direccion-de-empresas\/cambios-contables-que-tornan-las-perdidas-en-beneficios\/#breadcrumb"},"inLanguage":"es","potentialAction":[{"@type":"ReadAction","target":["https:\/\/blogs.udima.es\/administracion-y-direccion-de-empresas\/cambios-contables-que-tornan-las-perdidas-en-beneficios\/"]}]},{"@type":"BreadcrumbList","@id":"https:\/\/blogs.udima.es\/administracion-y-direccion-de-empresas\/cambios-contables-que-tornan-las-perdidas-en-beneficios\/#breadcrumb","itemListElement":[{"@type":"ListItem","position":1,"name":"Portada","item":"https:\/\/blogs.udima.es\/administracion-y-direccion-de-empresas\/"},{"@type":"ListItem","position":2,"name":"Cambios contables que tornan las p\u00e9rdidas en beneficios."}]},{"@type":"WebSite","@id":"https:\/\/blogs.udima.es\/administracion-y-direccion-de-empresas\/#website","url":"https:\/\/blogs.udima.es\/administracion-y-direccion-de-empresas\/","name":"Blog de ADE - Universidad a Distancia de Madrid | UDIMA","description":"","potentialAction":[{"@type":"SearchAction","target":{"@type":"EntryPoint","urlTemplate":"https:\/\/blogs.udima.es\/administracion-y-direccion-de-empresas\/?s={search_term_string}"},"query-input":"required name=search_term_string"}],"inLanguage":"es"},{"@type":"Person","@id":"https:\/\/blogs.udima.es\/administracion-y-direccion-de-empresas\/#\/schema\/person\/4533058ec4a533087aa25c87862afbe1","name":"Concha Burgos","image":{"@type":"ImageObject","inLanguage":"es","@id":"https:\/\/blogs.udima.es\/administracion-y-direccion-de-empresas\/#\/schema\/person\/image\/","url":"https:\/\/secure.gravatar.com\/avatar\/509f554236c17403f95ff8b069a09686?s=96&d=mm&r=g","contentUrl":"https:\/\/secure.gravatar.com\/avatar\/509f554236c17403f95ff8b069a09686?s=96&d=mm&r=g","caption":"Concha Burgos"},"url":"https:\/\/blogs.udima.es\/administracion-y-direccion-de-empresas\/author\/concha-burgos\/"}]}},"_links":{"self":[{"href":"https:\/\/blogs.udima.es\/administracion-y-direccion-de-empresas\/wp-json\/wp\/v2\/posts\/791"}],"collection":[{"href":"https:\/\/blogs.udima.es\/administracion-y-direccion-de-empresas\/wp-json\/wp\/v2\/posts"}],"about":[{"href":"https:\/\/blogs.udima.es\/administracion-y-direccion-de-empresas\/wp-json\/wp\/v2\/types\/post"}],"author":[{"embeddable":true,"href":"https:\/\/blogs.udima.es\/administracion-y-direccion-de-empresas\/wp-json\/wp\/v2\/users\/5"}],"replies":[{"embeddable":true,"href":"https:\/\/blogs.udima.es\/administracion-y-direccion-de-empresas\/wp-json\/wp\/v2\/comments?post=791"}],"version-history":[{"count":1,"href":"https:\/\/blogs.udima.es\/administracion-y-direccion-de-empresas\/wp-json\/wp\/v2\/posts\/791\/revisions"}],"predecessor-version":[{"id":1334,"href":"https:\/\/blogs.udima.es\/administracion-y-direccion-de-empresas\/wp-json\/wp\/v2\/posts\/791\/revisions\/1334"}],"wp:attachment":[{"href":"https:\/\/blogs.udima.es\/administracion-y-direccion-de-empresas\/wp-json\/wp\/v2\/media?parent=791"}],"wp:term":[{"taxonomy":"category","embeddable":true,"href":"https:\/\/blogs.udima.es\/administracion-y-direccion-de-empresas\/wp-json\/wp\/v2\/categories?post=791"},{"taxonomy":"post_tag","embeddable":true,"href":"https:\/\/blogs.udima.es\/administracion-y-direccion-de-empresas\/wp-json\/wp\/v2\/tags?post=791"}],"curies":[{"name":"wp","href":"https:\/\/api.w.org\/{rel}","templated":true}]}}