{"id":2909,"date":"2020-12-14T11:40:54","date_gmt":"2020-12-14T11:40:54","guid":{"rendered":"https:\/\/blogs.udima.es\/administracion-y-direccion-de-empresas\/?p=2909"},"modified":"2020-12-14T11:46:18","modified_gmt":"2020-12-14T11:46:18","slug":"asimetrias-hibridas-publicado-anteproyecto-ley-transposicion-directiva-atad-ii","status":"publish","type":"post","link":"https:\/\/blogs.udima.es\/administracion-y-direccion-de-empresas\/asimetrias-hibridas-publicado-anteproyecto-ley-transposicion-directiva-atad-ii\/","title":{"rendered":"Asimetr\u00edas h\u00edbridas: Publicado el Anteproyecto de Ley para la transposici\u00f3n de la Directiva ATAD II"},"content":{"rendered":"<p>Con efectos desde el 1 de enero de 2015, la Ley 27\/2014, de 27 de noviembre, del <strong>Impuesto sobre Sociedades<\/strong> (en adelante, Ley del IS), introdujo un nuevo gasto no deducible en su lista regulada en el art\u00edculo 15. En concreto, la que ser\u00eda la nueva letra j) qued\u00f3 redactada en los siguientes t\u00e9rminos:<\/p>\n<p>\u201c<em>j) Los gastos correspondientes a operaciones realizadas con personas o entidades vinculadas que, como consecuencia de una calificaci\u00f3n fiscal diferente en estas, no generen ingreso o generen un ingreso exento o sometido a un tipo de gravamen nominal inferior al 10 por ciento<\/em>\u201d.<\/p>\n<p>Se trat\u00f3 de una medida que fue incluida por el legislador <strong>asumiendo las recomendaciones que emanaban de la OCDE en el marco del Proyecto BEPS<\/strong>, para luchar contra la erosi\u00f3n de las bases imponibles y el traslado de beneficios, si bien, previa a la publicaci\u00f3n del documento relativo a la acci\u00f3n 2 del Plan BEPS destinada a neutralizar los efectos de los mecanismos h\u00edbridos.<\/p>\n<p>De esta manera, la Ley del Impuesto regul\u00f3 el tratamiento a otorgar a las operaciones h\u00edbridas, las cuales quedaron definidas en la propia exposici\u00f3n de motivos de la Ley del IS como aquellas que presentaban una diferente calificaci\u00f3n fiscal en las partes intervinientes en una operaci\u00f3n. Una regulaci\u00f3n que pretend\u00eda ser la <strong>soluci\u00f3n a los desajustes que este tipo de operaciones generaban en la tributaci\u00f3n societaria en un marco transfronterizo<\/strong>.<\/p>\n<p>No obstante, la Ley del IS \u00fanicamente incluy\u00f3 la respuesta a uno de los posibles escenarios vinculados con los mecanismos h\u00edbridos, asociado, en concreto, a un supuesto de deducci\u00f3n de un gasto sin la existencia, matizada, de un ingreso computable correlativo.<\/p>\n<p>Pues bien, en el marco de la<strong> Uni\u00f3n Europea<\/strong>, la regulaci\u00f3n de los h\u00edbridos se encuentra actualmente contenida en la Directiva (UE) 2016\/1164, del Consejo, de 12 de julio, por la que se establecen normas contra las pr\u00e1cticas de elusi\u00f3n fiscal que inciden directamente en el funcionamiento del mercado interior, modificada por la Directiva (UE) 2017\/952 del Consejo, por la que se modifica la Directiva (UE) 2016\/1164 en lo que se refiere a las <strong>asimetr\u00edas h\u00edbridas<\/strong> con terceros pa\u00edses, conocida como <strong>Directiva ATAD II<\/strong>. Una Directiva a trav\u00e9s de la cual se pretende establecer una respuesta coordinada dentro de la Uni\u00f3n a las asimetr\u00edas h\u00edbridas, en una amplia variedad de supuestos e involucrando en su regulaci\u00f3n, incluso, a las asimetr\u00edas que surjan con terceros pa\u00edses.<\/p>\n<p>En este contexto, y con origen en la <strong>transposici\u00f3n de la Directiva ATAD II<\/strong> a nuestra normativa interna, el <strong>Ministerio de Hacienda<\/strong> ha publicado el Anteproyecto de Ley por el que se modifican la Ley del IS y el texto refundido de la Ley del Impuesto sobre la Renta de no Residentes (en adelante, TR Ley IRNR), en relaci\u00f3n con las asimetr\u00edas h\u00edbridas. Unas modificaciones con las que se pretende neutralizar todas las asimetr\u00edas que, con origen en operaciones transfronterizas, crean supuestos de doble deducci\u00f3n del mismo gasto o la deducci\u00f3n de un gasto sin someter el ingreso a tributaci\u00f3n en el otro Estado interviniente de la operaci\u00f3n.<\/p>\n<p>Para ello, se plantea derogar la actual letra j) del art\u00edculo 15 e <strong>incluir un nuevo art\u00edculo 15.bis en la Ley del IS<\/strong>. En el marco del Impuesto sobre la Renta no de Residentes tiene su reflejo en la inclusi\u00f3n de un <strong>nuevo apartado 9 en el art\u00edculo 18 del TR Ley IRNR.<\/strong><\/p>\n<p>De esta manera, conviene destacar que esta regulaci\u00f3n, cuyo texto no es definitivo, <strong>permitir\u00eda corregir la doble no imposici\u00f3n originada por este tipo de operaciones<\/strong>. Bien denegando la deducibilidad de un pago, unos gastos o unas p\u00e9rdidas, o bien incluyendo el pago en la renta imponible, seg\u00fan sea m\u00e1s adecuado.<\/p>\n<p>En detalle, permite corregir los efectos derivados de las asimetr\u00edas h\u00edbridas, frustrando los mismos.\u00a0 Unas asimetr\u00edas que pueden derivar de una <strong>deducci\u00f3n sin inclusi\u00f3n<\/strong>, esto es, que consiste en la deducci\u00f3n de un gasto en el pa\u00eds del ordenante del pago sin la correspondiente tributaci\u00f3n del ingreso correlativo en el pa\u00eds del beneficiario o inversor como consecuencia de diferencias en la calificaci\u00f3n del instrumento o del gasto, o de una <strong>doble deducci\u00f3n<\/strong>, en la cual el mismo gasto o p\u00e9rdida tiene la consideraci\u00f3n de fiscalmente deducible en dos pa\u00edses.<\/p>\n<p>Adem\u00e1s, se regula el tratamiento a otorgar a la <strong>asimetr\u00eda de establecimiento permanente no computado<\/strong>, siendo esta aquella en la que existe un establecimiento permanente con arreglo a la legislaci\u00f3n del pa\u00eds de la casa central pero no existiendo tal establecimiento permanente con arreglo a la legislaci\u00f3n del otro pa\u00eds; a las <strong>asimetr\u00edas importadas<\/strong>. Esto es, a aquellas en las que se desplaza el efecto de una asimetr\u00eda h\u00edbrida habida entre pa\u00edses terceros a la Uni\u00f3n Europea a la jurisdicci\u00f3n de un Estado miembro de la Uni\u00f3n mediante el uso de un instrumento no h\u00edbrido; a las <strong>asimetr\u00edas por doble residencia fiscal<\/strong> que producen una doble deducci\u00f3n si un pago efectuado por un contribuyente con doble residencia se deduce con arreglo a las legislaciones de ambas jurisdicciones en las que reside el contribuyente; y a las <strong>asimetr\u00edas por doble utilizaci\u00f3n de retenciones<\/strong>, siendo estas aquellas que est\u00e1n concebidas para producir una compensaci\u00f3n por el impuesto retenido en la fuente sobre un pago derivado de un instrumento financiero transferido a m\u00e1s de una de las partes implicadas.<\/p>\n<p>Puede consultar la regulaci\u00f3n que respecto a las mismas se plantea sobre el contribuyente afectado en el texto completo del Anteproyecto de Ley que se recoge en el siguiente enlace: <a href=\"https:\/\/www.hacienda.gob.es\/Documentacion\/Publico\/NormativaDoctrina\/Proyectos\/impuesto-sociedades.pdf\" target=\"_blank\" rel=\"nofollow\"><u>Anteproyecto de Ley sobre asimetr\u00edas h\u00edbridas<\/u><\/a><\/p>\n","protected":false},"excerpt":{"rendered":"<p>Con efectos desde el 1 de enero de 2015, la Ley 27\/2014, de 27 de noviembre, del Impuesto sobre Sociedades (en adelante, Ley del IS), introdujo un nuevo gasto no deducible en su lista regulada en el art\u00edculo 15. En concreto, la que ser\u00eda la nueva letra j) qued\u00f3 redactada en los siguientes t\u00e9rminos: \u201cj) [&hellip;]<\/p>\n","protected":false},"author":14,"featured_media":2912,"comment_status":"closed","ping_status":"open","sticky":false,"template":"","format":"standard","meta":{"footnotes":""},"categories":[1],"tags":[252,250,59,249,251,246,178],"yoast_head":"<!-- This site is optimized with the Yoast SEO plugin v22.9 - https:\/\/yoast.com\/wordpress\/plugins\/seo\/ -->\n<title>Asimetr\u00edas h\u00edbridas: Publicado el Anteproyecto de Ley para la transposici\u00f3n de la Directiva ATAD II - Blog de ADE<\/title>\n<meta name=\"robots\" content=\"index, follow, max-snippet:-1, max-image-preview:large, max-video-preview:-1\" \/>\n<link rel=\"canonical\" href=\"https:\/\/blogs.udima.es\/administracion-y-direccion-de-empresas\/asimetrias-hibridas-publicado-anteproyecto-ley-transposicion-directiva-atad-ii\/\" \/>\n<meta property=\"og:locale\" content=\"es_ES\" \/>\n<meta property=\"og:type\" content=\"article\" \/>\n<meta property=\"og:title\" content=\"Asimetr\u00edas h\u00edbridas: Publicado el Anteproyecto de Ley para la transposici\u00f3n de la Directiva ATAD II - Blog de ADE\" \/>\n<meta property=\"og:description\" content=\"Con efectos desde el 1 de enero de 2015, la Ley 27\/2014, de 27 de noviembre, del Impuesto sobre Sociedades (en adelante, Ley del IS), introdujo un nuevo gasto no deducible en su lista regulada en el art\u00edculo 15. En concreto, la que ser\u00eda la nueva letra j) qued\u00f3 redactada en los siguientes t\u00e9rminos: \u201cj) [&hellip;]\" \/>\n<meta property=\"og:url\" content=\"https:\/\/blogs.udima.es\/administracion-y-direccion-de-empresas\/asimetrias-hibridas-publicado-anteproyecto-ley-transposicion-directiva-atad-ii\/\" \/>\n<meta property=\"og:site_name\" content=\"Blog de ADE - Universidad a Distancia de Madrid | UDIMA\" \/>\n<meta property=\"article:published_time\" content=\"2020-12-14T11:40:54+00:00\" \/>\n<meta property=\"article:modified_time\" content=\"2020-12-14T11:46:18+00:00\" \/>\n<meta property=\"og:image\" content=\"https:\/\/blogs.udima.es\/administracion-y-direccion-de-empresas\/wp-content\/uploads\/2020\/12\/GettyImages-1164198844-e1607946150370.jpg\" \/>\n\t<meta property=\"og:image:width\" content=\"2048\" \/>\n\t<meta property=\"og:image:height\" content=\"1280\" \/>\n\t<meta property=\"og:image:type\" content=\"image\/jpeg\" \/>\n<meta name=\"author\" content=\"Mar\u00eda Jes\u00fas Lillo\" \/>\n<meta name=\"twitter:card\" content=\"summary_large_image\" \/>\n<meta name=\"twitter:label1\" content=\"Escrito por\" \/>\n\t<meta name=\"twitter:data1\" content=\"Mar\u00eda Jes\u00fas Lillo\" \/>\n\t<meta name=\"twitter:label2\" content=\"Tiempo de lectura\" \/>\n\t<meta name=\"twitter:data2\" content=\"5 minutos\" \/>\n<script type=\"application\/ld+json\" class=\"yoast-schema-graph\">{\"@context\":\"https:\/\/schema.org\",\"@graph\":[{\"@type\":\"WebPage\",\"@id\":\"https:\/\/blogs.udima.es\/administracion-y-direccion-de-empresas\/asimetrias-hibridas-publicado-anteproyecto-ley-transposicion-directiva-atad-ii\/\",\"url\":\"https:\/\/blogs.udima.es\/administracion-y-direccion-de-empresas\/asimetrias-hibridas-publicado-anteproyecto-ley-transposicion-directiva-atad-ii\/\",\"name\":\"Asimetr\u00edas h\u00edbridas: Publicado el Anteproyecto de Ley para la transposici\u00f3n de la Directiva ATAD II - Blog de ADE\",\"isPartOf\":{\"@id\":\"https:\/\/blogs.udima.es\/administracion-y-direccion-de-empresas\/#website\"},\"primaryImageOfPage\":{\"@id\":\"https:\/\/blogs.udima.es\/administracion-y-direccion-de-empresas\/asimetrias-hibridas-publicado-anteproyecto-ley-transposicion-directiva-atad-ii\/#primaryimage\"},\"image\":{\"@id\":\"https:\/\/blogs.udima.es\/administracion-y-direccion-de-empresas\/asimetrias-hibridas-publicado-anteproyecto-ley-transposicion-directiva-atad-ii\/#primaryimage\"},\"thumbnailUrl\":\"https:\/\/blogs.udima.es\/administracion-y-direccion-de-empresas\/wp-content\/uploads\/2020\/12\/GettyImages-1164198844-e1607946150370.jpg\",\"datePublished\":\"2020-12-14T11:40:54+00:00\",\"dateModified\":\"2020-12-14T11:46:18+00:00\",\"author\":{\"@id\":\"https:\/\/blogs.udima.es\/administracion-y-direccion-de-empresas\/#\/schema\/person\/7c657eefa3b1660bded48a04331a5a1a\"},\"breadcrumb\":{\"@id\":\"https:\/\/blogs.udima.es\/administracion-y-direccion-de-empresas\/asimetrias-hibridas-publicado-anteproyecto-ley-transposicion-directiva-atad-ii\/#breadcrumb\"},\"inLanguage\":\"es\",\"potentialAction\":[{\"@type\":\"ReadAction\",\"target\":[\"https:\/\/blogs.udima.es\/administracion-y-direccion-de-empresas\/asimetrias-hibridas-publicado-anteproyecto-ley-transposicion-directiva-atad-ii\/\"]}]},{\"@type\":\"ImageObject\",\"inLanguage\":\"es\",\"@id\":\"https:\/\/blogs.udima.es\/administracion-y-direccion-de-empresas\/asimetrias-hibridas-publicado-anteproyecto-ley-transposicion-directiva-atad-ii\/#primaryimage\",\"url\":\"https:\/\/blogs.udima.es\/administracion-y-direccion-de-empresas\/wp-content\/uploads\/2020\/12\/GettyImages-1164198844-e1607946150370.jpg\",\"contentUrl\":\"https:\/\/blogs.udima.es\/administracion-y-direccion-de-empresas\/wp-content\/uploads\/2020\/12\/GettyImages-1164198844-e1607946150370.jpg\",\"width\":2048,\"height\":1280,\"caption\":\"Icon for various uses Easy resize. All objects is layered. Vector EPS file and image jpeg full HD.\"},{\"@type\":\"BreadcrumbList\",\"@id\":\"https:\/\/blogs.udima.es\/administracion-y-direccion-de-empresas\/asimetrias-hibridas-publicado-anteproyecto-ley-transposicion-directiva-atad-ii\/#breadcrumb\",\"itemListElement\":[{\"@type\":\"ListItem\",\"position\":1,\"name\":\"Portada\",\"item\":\"https:\/\/blogs.udima.es\/administracion-y-direccion-de-empresas\/\"},{\"@type\":\"ListItem\",\"position\":2,\"name\":\"Asimetr\u00edas h\u00edbridas: Publicado el Anteproyecto de Ley para la transposici\u00f3n de la Directiva ATAD II\"}]},{\"@type\":\"WebSite\",\"@id\":\"https:\/\/blogs.udima.es\/administracion-y-direccion-de-empresas\/#website\",\"url\":\"https:\/\/blogs.udima.es\/administracion-y-direccion-de-empresas\/\",\"name\":\"Blog de ADE - Universidad a Distancia de Madrid | UDIMA\",\"description\":\"\",\"potentialAction\":[{\"@type\":\"SearchAction\",\"target\":{\"@type\":\"EntryPoint\",\"urlTemplate\":\"https:\/\/blogs.udima.es\/administracion-y-direccion-de-empresas\/?s={search_term_string}\"},\"query-input\":\"required name=search_term_string\"}],\"inLanguage\":\"es\"},{\"@type\":\"Person\",\"@id\":\"https:\/\/blogs.udima.es\/administracion-y-direccion-de-empresas\/#\/schema\/person\/7c657eefa3b1660bded48a04331a5a1a\",\"name\":\"Mar\u00eda Jes\u00fas Lillo\",\"image\":{\"@type\":\"ImageObject\",\"inLanguage\":\"es\",\"@id\":\"https:\/\/blogs.udima.es\/administracion-y-direccion-de-empresas\/#\/schema\/person\/image\/\",\"url\":\"https:\/\/secure.gravatar.com\/avatar\/3813b10a488f3cad2e882497d072bf5f?s=96&d=mm&r=g\",\"contentUrl\":\"https:\/\/secure.gravatar.com\/avatar\/3813b10a488f3cad2e882497d072bf5f?s=96&d=mm&r=g\",\"caption\":\"Mar\u00eda Jes\u00fas Lillo\"},\"url\":\"https:\/\/blogs.udima.es\/administracion-y-direccion-de-empresas\/author\/mariajesus-lillo\/\"}]}<\/script>\n<!-- \/ Yoast SEO plugin. -->","yoast_head_json":{"title":"Asimetr\u00edas h\u00edbridas: Publicado el Anteproyecto de Ley para la transposici\u00f3n de la Directiva ATAD II - Blog de ADE","robots":{"index":"index","follow":"follow","max-snippet":"max-snippet:-1","max-image-preview":"max-image-preview:large","max-video-preview":"max-video-preview:-1"},"canonical":"https:\/\/blogs.udima.es\/administracion-y-direccion-de-empresas\/asimetrias-hibridas-publicado-anteproyecto-ley-transposicion-directiva-atad-ii\/","og_locale":"es_ES","og_type":"article","og_title":"Asimetr\u00edas h\u00edbridas: Publicado el Anteproyecto de Ley para la transposici\u00f3n de la Directiva ATAD II - Blog de ADE","og_description":"Con efectos desde el 1 de enero de 2015, la Ley 27\/2014, de 27 de noviembre, del Impuesto sobre Sociedades (en adelante, Ley del IS), introdujo un nuevo gasto no deducible en su lista regulada en el art\u00edculo 15. En concreto, la que ser\u00eda la nueva letra j) qued\u00f3 redactada en los siguientes t\u00e9rminos: \u201cj) [&hellip;]","og_url":"https:\/\/blogs.udima.es\/administracion-y-direccion-de-empresas\/asimetrias-hibridas-publicado-anteproyecto-ley-transposicion-directiva-atad-ii\/","og_site_name":"Blog de ADE - Universidad a Distancia de Madrid | UDIMA","article_published_time":"2020-12-14T11:40:54+00:00","article_modified_time":"2020-12-14T11:46:18+00:00","og_image":[{"width":2048,"height":1280,"url":"https:\/\/blogs.udima.es\/administracion-y-direccion-de-empresas\/wp-content\/uploads\/2020\/12\/GettyImages-1164198844-e1607946150370.jpg","type":"image\/jpeg"}],"author":"Mar\u00eda Jes\u00fas Lillo","twitter_card":"summary_large_image","twitter_misc":{"Escrito por":"Mar\u00eda Jes\u00fas Lillo","Tiempo de lectura":"5 minutos"},"schema":{"@context":"https:\/\/schema.org","@graph":[{"@type":"WebPage","@id":"https:\/\/blogs.udima.es\/administracion-y-direccion-de-empresas\/asimetrias-hibridas-publicado-anteproyecto-ley-transposicion-directiva-atad-ii\/","url":"https:\/\/blogs.udima.es\/administracion-y-direccion-de-empresas\/asimetrias-hibridas-publicado-anteproyecto-ley-transposicion-directiva-atad-ii\/","name":"Asimetr\u00edas h\u00edbridas: Publicado el Anteproyecto de Ley para la transposici\u00f3n de la Directiva ATAD II - Blog de ADE","isPartOf":{"@id":"https:\/\/blogs.udima.es\/administracion-y-direccion-de-empresas\/#website"},"primaryImageOfPage":{"@id":"https:\/\/blogs.udima.es\/administracion-y-direccion-de-empresas\/asimetrias-hibridas-publicado-anteproyecto-ley-transposicion-directiva-atad-ii\/#primaryimage"},"image":{"@id":"https:\/\/blogs.udima.es\/administracion-y-direccion-de-empresas\/asimetrias-hibridas-publicado-anteproyecto-ley-transposicion-directiva-atad-ii\/#primaryimage"},"thumbnailUrl":"https:\/\/blogs.udima.es\/administracion-y-direccion-de-empresas\/wp-content\/uploads\/2020\/12\/GettyImages-1164198844-e1607946150370.jpg","datePublished":"2020-12-14T11:40:54+00:00","dateModified":"2020-12-14T11:46:18+00:00","author":{"@id":"https:\/\/blogs.udima.es\/administracion-y-direccion-de-empresas\/#\/schema\/person\/7c657eefa3b1660bded48a04331a5a1a"},"breadcrumb":{"@id":"https:\/\/blogs.udima.es\/administracion-y-direccion-de-empresas\/asimetrias-hibridas-publicado-anteproyecto-ley-transposicion-directiva-atad-ii\/#breadcrumb"},"inLanguage":"es","potentialAction":[{"@type":"ReadAction","target":["https:\/\/blogs.udima.es\/administracion-y-direccion-de-empresas\/asimetrias-hibridas-publicado-anteproyecto-ley-transposicion-directiva-atad-ii\/"]}]},{"@type":"ImageObject","inLanguage":"es","@id":"https:\/\/blogs.udima.es\/administracion-y-direccion-de-empresas\/asimetrias-hibridas-publicado-anteproyecto-ley-transposicion-directiva-atad-ii\/#primaryimage","url":"https:\/\/blogs.udima.es\/administracion-y-direccion-de-empresas\/wp-content\/uploads\/2020\/12\/GettyImages-1164198844-e1607946150370.jpg","contentUrl":"https:\/\/blogs.udima.es\/administracion-y-direccion-de-empresas\/wp-content\/uploads\/2020\/12\/GettyImages-1164198844-e1607946150370.jpg","width":2048,"height":1280,"caption":"Icon for various uses Easy resize. All objects is layered. Vector EPS file and image jpeg full HD."},{"@type":"BreadcrumbList","@id":"https:\/\/blogs.udima.es\/administracion-y-direccion-de-empresas\/asimetrias-hibridas-publicado-anteproyecto-ley-transposicion-directiva-atad-ii\/#breadcrumb","itemListElement":[{"@type":"ListItem","position":1,"name":"Portada","item":"https:\/\/blogs.udima.es\/administracion-y-direccion-de-empresas\/"},{"@type":"ListItem","position":2,"name":"Asimetr\u00edas h\u00edbridas: Publicado el Anteproyecto de Ley para la transposici\u00f3n de la Directiva ATAD II"}]},{"@type":"WebSite","@id":"https:\/\/blogs.udima.es\/administracion-y-direccion-de-empresas\/#website","url":"https:\/\/blogs.udima.es\/administracion-y-direccion-de-empresas\/","name":"Blog de ADE - Universidad a Distancia de Madrid | UDIMA","description":"","potentialAction":[{"@type":"SearchAction","target":{"@type":"EntryPoint","urlTemplate":"https:\/\/blogs.udima.es\/administracion-y-direccion-de-empresas\/?s={search_term_string}"},"query-input":"required name=search_term_string"}],"inLanguage":"es"},{"@type":"Person","@id":"https:\/\/blogs.udima.es\/administracion-y-direccion-de-empresas\/#\/schema\/person\/7c657eefa3b1660bded48a04331a5a1a","name":"Mar\u00eda Jes\u00fas Lillo","image":{"@type":"ImageObject","inLanguage":"es","@id":"https:\/\/blogs.udima.es\/administracion-y-direccion-de-empresas\/#\/schema\/person\/image\/","url":"https:\/\/secure.gravatar.com\/avatar\/3813b10a488f3cad2e882497d072bf5f?s=96&d=mm&r=g","contentUrl":"https:\/\/secure.gravatar.com\/avatar\/3813b10a488f3cad2e882497d072bf5f?s=96&d=mm&r=g","caption":"Mar\u00eda Jes\u00fas Lillo"},"url":"https:\/\/blogs.udima.es\/administracion-y-direccion-de-empresas\/author\/mariajesus-lillo\/"}]}},"_links":{"self":[{"href":"https:\/\/blogs.udima.es\/administracion-y-direccion-de-empresas\/wp-json\/wp\/v2\/posts\/2909"}],"collection":[{"href":"https:\/\/blogs.udima.es\/administracion-y-direccion-de-empresas\/wp-json\/wp\/v2\/posts"}],"about":[{"href":"https:\/\/blogs.udima.es\/administracion-y-direccion-de-empresas\/wp-json\/wp\/v2\/types\/post"}],"author":[{"embeddable":true,"href":"https:\/\/blogs.udima.es\/administracion-y-direccion-de-empresas\/wp-json\/wp\/v2\/users\/14"}],"replies":[{"embeddable":true,"href":"https:\/\/blogs.udima.es\/administracion-y-direccion-de-empresas\/wp-json\/wp\/v2\/comments?post=2909"}],"version-history":[{"count":3,"href":"https:\/\/blogs.udima.es\/administracion-y-direccion-de-empresas\/wp-json\/wp\/v2\/posts\/2909\/revisions"}],"predecessor-version":[{"id":2914,"href":"https:\/\/blogs.udima.es\/administracion-y-direccion-de-empresas\/wp-json\/wp\/v2\/posts\/2909\/revisions\/2914"}],"wp:featuredmedia":[{"embeddable":true,"href":"https:\/\/blogs.udima.es\/administracion-y-direccion-de-empresas\/wp-json\/wp\/v2\/media\/2912"}],"wp:attachment":[{"href":"https:\/\/blogs.udima.es\/administracion-y-direccion-de-empresas\/wp-json\/wp\/v2\/media?parent=2909"}],"wp:term":[{"taxonomy":"category","embeddable":true,"href":"https:\/\/blogs.udima.es\/administracion-y-direccion-de-empresas\/wp-json\/wp\/v2\/categories?post=2909"},{"taxonomy":"post_tag","embeddable":true,"href":"https:\/\/blogs.udima.es\/administracion-y-direccion-de-empresas\/wp-json\/wp\/v2\/tags?post=2909"}],"curies":[{"name":"wp","href":"https:\/\/api.w.org\/{rel}","templated":true}]}}