{"id":2464,"date":"2017-10-30T15:33:56","date_gmt":"2017-10-30T15:33:56","guid":{"rendered":"http:\/\/blogs.udima.es\/administracion-y-direccion-de-empresas\/?p=2464"},"modified":"2017-10-30T15:33:56","modified_gmt":"2017-10-30T15:33:56","slug":"apuntos-envejecimiento-espana-parte-ii-esperanza-vida","status":"publish","type":"post","link":"https:\/\/blogs.udima.es\/administracion-y-direccion-de-empresas\/apuntos-envejecimiento-espana-parte-ii-esperanza-vida\/","title":{"rendered":"Apuntos sobre el envejecimiento en Espa\u00f1a (parte II): Esperanza de vida"},"content":{"rendered":"<p>Los efectos, positivos o negativos, de las pol\u00edticas sanitarias, sociales y econ\u00f3micas de un pa\u00eds (en general, el grado de implantaci\u00f3n del estado del bienestar) se reflejan en la esperanza de vida de las personas. Seg\u00fan la ONU, la esperanza de vida al nacer es el promedio de a\u00f1os que espera vivir un reci\u00e9n nacido si los patrones de mortalidad por edades imperantes en el momento de su nacimiento se mantienen constante a lo largo de toda su vida. En el a\u00f1o 2016, la esperanza de vida para ambos sexos se situ\u00f3 en 83,16. Diferenciando por sexos, las mujeres tienen una esperanza de vida al nacer de 85,88 a\u00f1os mientras que en los hombres asciende a 80,37. Hasta los a\u00f1os 90 del siglo pasado, la esperanza de vida de las mujeres respecto a la de los hombres crec\u00eda de forma considerable debido a la mayor mortalidad de los hombres consecuencia de una mayor exposici\u00f3n a riesgos, estilos de vida m\u00e1s descuidados y factores biol\u00f3gicos. Sin embargo, desde ese momento, la brecha existente entre sexos ha ido disminuyendo, aunque sigue siendo favorable al sexo femenino. En el a\u00f1o 2016 la diferencia es de 5,5 a\u00f1os a favor de la mujer. Es importante notar que esta diferencia de 5,5 a\u00f1os de vida m\u00e1s que presentan las mujeres respecto de los hombres se deber\u00e1 tener en cuenta de cara a dotar de m\u00e1s recursos para el cuidado y la mejora de la calidad de vida de las mujeres durante esos a\u00f1os.<br \/>\nLa esperanza de vida en Espa\u00f1a es una de las mayores del mundo, s\u00f3lo superada por pa\u00edses como Suiza, Jap\u00f3n o Italia, y un a\u00f1o por encima de la media de esperanza de vida de los pa\u00edses de la zona euro. Seg\u00fan los datos del Banco Mundial, la esperanza de vida de la poblaci\u00f3n espa\u00f1ola ha experimentado un crecimiento desde 1960 hasta 2105, y parece que la tendencia se mantiene.<br \/>\nEllo es debido fundamentalmente al descenso de la mortalidad derivada de las mejores condiciones de vida y supone un aumento en el gasto tanto sanitario como en pensiones porque hoy en d\u00eda llegan m\u00e1s personas a la edad de jubilaci\u00f3n establecida y requieren, a partir de un cierto momento, de m\u00e1s cuidados o m\u00e1s sofisticados.<br \/>\nSeg\u00fan las proyecciones del INE la esperanza de vida al nacer llegar\u00eda a alcanzar, en el a\u00f1o 2065, los 88.5 a\u00f1os para los hombres y los 91.6 a\u00f1os de edad para las mujeres.<br \/>\nSe ha de tener en cuenta sin embargo, que estos datos pueden variar como consecuencia de cambios en las migraciones y la natalidad cuya evoluci\u00f3n puede afectar notablemente esta tendencia creciente.<br \/>\nLa esperanza de vida a los 65 a\u00f1os, se sit\u00faa en el a\u00f1o 2016 en 21, 25 a\u00f1os y diferenciando por sexos, 19,18 a\u00f1os para los hombres y 23,089 para las mujeres. Estos valores son, como en el caso de la esperanza de vida al nacer, de los mayores que se presentan actualmente en la zona euro y en el mundo.<br \/>\nSi se mantienen las condiciones actuales, en el a\u00f1o 2065, una mujer de 65 a\u00f1os vivir\u00e1, en promedio, otros 28.2 a\u00f1os m\u00e1s y un hombre lo har\u00e1 25.1 a\u00f1os m\u00e1s frente a los 22.7 y 18.8 a\u00f1os, respectivamente, que se espera que vivan actualmente.<\/p>\n","protected":false},"excerpt":{"rendered":"<p>Los efectos, positivos o negativos, de las pol\u00edticas sanitarias, sociales y econ\u00f3micas de un pa\u00eds (en general, el grado de implantaci\u00f3n del estado del bienestar) se reflejan en la esperanza de vida de las personas. Seg\u00fan la ONU, la esperanza de vida al nacer es el promedio de a\u00f1os que espera vivir un reci\u00e9n nacido [&hellip;]<\/p>\n","protected":false},"author":9,"featured_media":0,"comment_status":"closed","ping_status":"open","sticky":false,"template":"","format":"standard","meta":{"footnotes":""},"categories":[1],"tags":[],"yoast_head":"<!-- This site is optimized with the Yoast SEO plugin v22.9 - https:\/\/yoast.com\/wordpress\/plugins\/seo\/ -->\n<title>Apuntos sobre el envejecimiento en Espa\u00f1a (parte II): Esperanza de vida - Blog de ADE<\/title>\n<meta name=\"robots\" content=\"index, follow, max-snippet:-1, max-image-preview:large, max-video-preview:-1\" \/>\n<link rel=\"canonical\" href=\"https:\/\/blogs.udima.es\/administracion-y-direccion-de-empresas\/apuntos-envejecimiento-espana-parte-ii-esperanza-vida\/\" \/>\n<meta property=\"og:locale\" content=\"es_ES\" \/>\n<meta property=\"og:type\" content=\"article\" \/>\n<meta property=\"og:title\" content=\"Apuntos sobre el envejecimiento en Espa\u00f1a (parte II): Esperanza de vida - Blog de ADE\" \/>\n<meta property=\"og:description\" content=\"Los efectos, positivos o negativos, de las pol\u00edticas sanitarias, sociales y econ\u00f3micas de un pa\u00eds (en general, el grado de implantaci\u00f3n del estado del bienestar) se reflejan en la esperanza de vida de las personas. Seg\u00fan la ONU, la esperanza de vida al nacer es el promedio de a\u00f1os que espera vivir un reci\u00e9n nacido [&hellip;]\" \/>\n<meta property=\"og:url\" content=\"https:\/\/blogs.udima.es\/administracion-y-direccion-de-empresas\/apuntos-envejecimiento-espana-parte-ii-esperanza-vida\/\" \/>\n<meta property=\"og:site_name\" content=\"Blog de ADE - Universidad a Distancia de Madrid | UDIMA\" \/>\n<meta property=\"article:published_time\" content=\"2017-10-30T15:33:56+00:00\" \/>\n<meta name=\"author\" content=\"Mar\u00eda Jos\u00e9 P\u00e9rez\" \/>\n<meta name=\"twitter:card\" content=\"summary_large_image\" \/>\n<meta name=\"twitter:label1\" content=\"Escrito por\" \/>\n\t<meta name=\"twitter:data1\" content=\"Mar\u00eda Jos\u00e9 P\u00e9rez\" \/>\n\t<meta name=\"twitter:label2\" content=\"Tiempo de lectura\" \/>\n\t<meta name=\"twitter:data2\" content=\"3 minutos\" \/>\n<script type=\"application\/ld+json\" class=\"yoast-schema-graph\">{\"@context\":\"https:\/\/schema.org\",\"@graph\":[{\"@type\":\"WebPage\",\"@id\":\"https:\/\/blogs.udima.es\/administracion-y-direccion-de-empresas\/apuntos-envejecimiento-espana-parte-ii-esperanza-vida\/\",\"url\":\"https:\/\/blogs.udima.es\/administracion-y-direccion-de-empresas\/apuntos-envejecimiento-espana-parte-ii-esperanza-vida\/\",\"name\":\"Apuntos sobre el envejecimiento en Espa\u00f1a (parte II): Esperanza de vida - Blog de ADE\",\"isPartOf\":{\"@id\":\"https:\/\/blogs.udima.es\/administracion-y-direccion-de-empresas\/#website\"},\"datePublished\":\"2017-10-30T15:33:56+00:00\",\"dateModified\":\"2017-10-30T15:33:56+00:00\",\"author\":{\"@id\":\"https:\/\/blogs.udima.es\/administracion-y-direccion-de-empresas\/#\/schema\/person\/d80d5c107fcb46e934377dac6de22750\"},\"breadcrumb\":{\"@id\":\"https:\/\/blogs.udima.es\/administracion-y-direccion-de-empresas\/apuntos-envejecimiento-espana-parte-ii-esperanza-vida\/#breadcrumb\"},\"inLanguage\":\"es\",\"potentialAction\":[{\"@type\":\"ReadAction\",\"target\":[\"https:\/\/blogs.udima.es\/administracion-y-direccion-de-empresas\/apuntos-envejecimiento-espana-parte-ii-esperanza-vida\/\"]}]},{\"@type\":\"BreadcrumbList\",\"@id\":\"https:\/\/blogs.udima.es\/administracion-y-direccion-de-empresas\/apuntos-envejecimiento-espana-parte-ii-esperanza-vida\/#breadcrumb\",\"itemListElement\":[{\"@type\":\"ListItem\",\"position\":1,\"name\":\"Portada\",\"item\":\"https:\/\/blogs.udima.es\/administracion-y-direccion-de-empresas\/\"},{\"@type\":\"ListItem\",\"position\":2,\"name\":\"Apuntos sobre el envejecimiento en Espa\u00f1a (parte II): Esperanza de vida\"}]},{\"@type\":\"WebSite\",\"@id\":\"https:\/\/blogs.udima.es\/administracion-y-direccion-de-empresas\/#website\",\"url\":\"https:\/\/blogs.udima.es\/administracion-y-direccion-de-empresas\/\",\"name\":\"Blog de ADE - Universidad a Distancia de Madrid | UDIMA\",\"description\":\"\",\"potentialAction\":[{\"@type\":\"SearchAction\",\"target\":{\"@type\":\"EntryPoint\",\"urlTemplate\":\"https:\/\/blogs.udima.es\/administracion-y-direccion-de-empresas\/?s={search_term_string}\"},\"query-input\":\"required name=search_term_string\"}],\"inLanguage\":\"es\"},{\"@type\":\"Person\",\"@id\":\"https:\/\/blogs.udima.es\/administracion-y-direccion-de-empresas\/#\/schema\/person\/d80d5c107fcb46e934377dac6de22750\",\"name\":\"Mar\u00eda Jos\u00e9 P\u00e9rez\",\"image\":{\"@type\":\"ImageObject\",\"inLanguage\":\"es\",\"@id\":\"https:\/\/blogs.udima.es\/administracion-y-direccion-de-empresas\/#\/schema\/person\/image\/\",\"url\":\"https:\/\/secure.gravatar.com\/avatar\/8d0a6b8f7b8ae17d7e86963760a7c444?s=96&d=mm&r=g\",\"contentUrl\":\"https:\/\/secure.gravatar.com\/avatar\/8d0a6b8f7b8ae17d7e86963760a7c444?s=96&d=mm&r=g\",\"caption\":\"Mar\u00eda Jos\u00e9 P\u00e9rez\"},\"url\":\"https:\/\/blogs.udima.es\/administracion-y-direccion-de-empresas\/author\/mariajose-perez\/\"}]}<\/script>\n<!-- \/ Yoast SEO plugin. -->","yoast_head_json":{"title":"Apuntos sobre el envejecimiento en Espa\u00f1a (parte II): Esperanza de vida - Blog de ADE","robots":{"index":"index","follow":"follow","max-snippet":"max-snippet:-1","max-image-preview":"max-image-preview:large","max-video-preview":"max-video-preview:-1"},"canonical":"https:\/\/blogs.udima.es\/administracion-y-direccion-de-empresas\/apuntos-envejecimiento-espana-parte-ii-esperanza-vida\/","og_locale":"es_ES","og_type":"article","og_title":"Apuntos sobre el envejecimiento en Espa\u00f1a (parte II): Esperanza de vida - Blog de ADE","og_description":"Los efectos, positivos o negativos, de las pol\u00edticas sanitarias, sociales y econ\u00f3micas de un pa\u00eds (en general, el grado de implantaci\u00f3n del estado del bienestar) se reflejan en la esperanza de vida de las personas. Seg\u00fan la ONU, la esperanza de vida al nacer es el promedio de a\u00f1os que espera vivir un reci\u00e9n nacido [&hellip;]","og_url":"https:\/\/blogs.udima.es\/administracion-y-direccion-de-empresas\/apuntos-envejecimiento-espana-parte-ii-esperanza-vida\/","og_site_name":"Blog de ADE - Universidad a Distancia de Madrid | UDIMA","article_published_time":"2017-10-30T15:33:56+00:00","author":"Mar\u00eda Jos\u00e9 P\u00e9rez","twitter_card":"summary_large_image","twitter_misc":{"Escrito por":"Mar\u00eda Jos\u00e9 P\u00e9rez","Tiempo de lectura":"3 minutos"},"schema":{"@context":"https:\/\/schema.org","@graph":[{"@type":"WebPage","@id":"https:\/\/blogs.udima.es\/administracion-y-direccion-de-empresas\/apuntos-envejecimiento-espana-parte-ii-esperanza-vida\/","url":"https:\/\/blogs.udima.es\/administracion-y-direccion-de-empresas\/apuntos-envejecimiento-espana-parte-ii-esperanza-vida\/","name":"Apuntos sobre el envejecimiento en Espa\u00f1a (parte II): Esperanza de vida - Blog de ADE","isPartOf":{"@id":"https:\/\/blogs.udima.es\/administracion-y-direccion-de-empresas\/#website"},"datePublished":"2017-10-30T15:33:56+00:00","dateModified":"2017-10-30T15:33:56+00:00","author":{"@id":"https:\/\/blogs.udima.es\/administracion-y-direccion-de-empresas\/#\/schema\/person\/d80d5c107fcb46e934377dac6de22750"},"breadcrumb":{"@id":"https:\/\/blogs.udima.es\/administracion-y-direccion-de-empresas\/apuntos-envejecimiento-espana-parte-ii-esperanza-vida\/#breadcrumb"},"inLanguage":"es","potentialAction":[{"@type":"ReadAction","target":["https:\/\/blogs.udima.es\/administracion-y-direccion-de-empresas\/apuntos-envejecimiento-espana-parte-ii-esperanza-vida\/"]}]},{"@type":"BreadcrumbList","@id":"https:\/\/blogs.udima.es\/administracion-y-direccion-de-empresas\/apuntos-envejecimiento-espana-parte-ii-esperanza-vida\/#breadcrumb","itemListElement":[{"@type":"ListItem","position":1,"name":"Portada","item":"https:\/\/blogs.udima.es\/administracion-y-direccion-de-empresas\/"},{"@type":"ListItem","position":2,"name":"Apuntos sobre el envejecimiento en Espa\u00f1a (parte II): Esperanza de vida"}]},{"@type":"WebSite","@id":"https:\/\/blogs.udima.es\/administracion-y-direccion-de-empresas\/#website","url":"https:\/\/blogs.udima.es\/administracion-y-direccion-de-empresas\/","name":"Blog de ADE - Universidad a Distancia de Madrid | UDIMA","description":"","potentialAction":[{"@type":"SearchAction","target":{"@type":"EntryPoint","urlTemplate":"https:\/\/blogs.udima.es\/administracion-y-direccion-de-empresas\/?s={search_term_string}"},"query-input":"required name=search_term_string"}],"inLanguage":"es"},{"@type":"Person","@id":"https:\/\/blogs.udima.es\/administracion-y-direccion-de-empresas\/#\/schema\/person\/d80d5c107fcb46e934377dac6de22750","name":"Mar\u00eda Jos\u00e9 P\u00e9rez","image":{"@type":"ImageObject","inLanguage":"es","@id":"https:\/\/blogs.udima.es\/administracion-y-direccion-de-empresas\/#\/schema\/person\/image\/","url":"https:\/\/secure.gravatar.com\/avatar\/8d0a6b8f7b8ae17d7e86963760a7c444?s=96&d=mm&r=g","contentUrl":"https:\/\/secure.gravatar.com\/avatar\/8d0a6b8f7b8ae17d7e86963760a7c444?s=96&d=mm&r=g","caption":"Mar\u00eda Jos\u00e9 P\u00e9rez"},"url":"https:\/\/blogs.udima.es\/administracion-y-direccion-de-empresas\/author\/mariajose-perez\/"}]}},"_links":{"self":[{"href":"https:\/\/blogs.udima.es\/administracion-y-direccion-de-empresas\/wp-json\/wp\/v2\/posts\/2464"}],"collection":[{"href":"https:\/\/blogs.udima.es\/administracion-y-direccion-de-empresas\/wp-json\/wp\/v2\/posts"}],"about":[{"href":"https:\/\/blogs.udima.es\/administracion-y-direccion-de-empresas\/wp-json\/wp\/v2\/types\/post"}],"author":[{"embeddable":true,"href":"https:\/\/blogs.udima.es\/administracion-y-direccion-de-empresas\/wp-json\/wp\/v2\/users\/9"}],"replies":[{"embeddable":true,"href":"https:\/\/blogs.udima.es\/administracion-y-direccion-de-empresas\/wp-json\/wp\/v2\/comments?post=2464"}],"version-history":[{"count":2,"href":"https:\/\/blogs.udima.es\/administracion-y-direccion-de-empresas\/wp-json\/wp\/v2\/posts\/2464\/revisions"}],"predecessor-version":[{"id":2467,"href":"https:\/\/blogs.udima.es\/administracion-y-direccion-de-empresas\/wp-json\/wp\/v2\/posts\/2464\/revisions\/2467"}],"wp:attachment":[{"href":"https:\/\/blogs.udima.es\/administracion-y-direccion-de-empresas\/wp-json\/wp\/v2\/media?parent=2464"}],"wp:term":[{"taxonomy":"category","embeddable":true,"href":"https:\/\/blogs.udima.es\/administracion-y-direccion-de-empresas\/wp-json\/wp\/v2\/categories?post=2464"},{"taxonomy":"post_tag","embeddable":true,"href":"https:\/\/blogs.udima.es\/administracion-y-direccion-de-empresas\/wp-json\/wp\/v2\/tags?post=2464"}],"curies":[{"name":"wp","href":"https:\/\/api.w.org\/{rel}","templated":true}]}}